{"id":9602,"date":"2020-12-31T13:55:34","date_gmt":"2020-12-31T19:55:34","guid":{"rendered":"https:\/\/encuentroinformativo.com.mx\/?p=9602"},"modified":"2020-12-31T13:55:37","modified_gmt":"2020-12-31T19:55:37","slug":"candidaturas-en-morena-seran-por-encuesta","status":"publish","type":"post","link":"https:\/\/encuentroinformativo.com.mx\/?p=9602","title":{"rendered":"Candidaturas en MORENA ser\u00e1n por encuesta"},"content":{"rendered":"\n<p><strong>Alejandro \u00c1vila<\/strong><\/p>\n\n\n\n<p>Veracruz, Ver.- La elecci\u00f3n de candidatos a alcaldes, as\u00ed como para diputados locales y federales en el 2021 en el Movimiento de Regeneraci\u00f3n Nacional (MORENA) ser\u00e1n asignadas mediante el m\u00e9todo de encuesta; es decir quien est\u00e9 mejor posicionado ante la gente, inform\u00f3 Mar\u00eda Erika Verazas Lira, militante de MORENA.<\/p>\n\n\n\n<p>Esto para evitar asegurar que los candidatos que compitan por un cargo de elecci\u00f3n popular en los comicios del 2021 sean serios aspirantes al triunfo.<\/p>\n\n\n\n<p>\u201cEl partido como estrategia democr\u00e1tica va a lanzar la encuesta, que es el mejor posicionado, que va a llevar al triunfo a cada municipio o a cada diputado, yo considero que es la forma m\u00e1s democr\u00e1tica, que es lo que el pueblo quiera, porque estamos para trabajar por y para el pueblo\u201d, subray\u00f3 Verazas Lira.<\/p>\n\n\n\n<p>La tambi\u00e9n aspirante a la diputaci\u00f3n local por el distrito 17 con cabecera municipal en Medell\u00edn de Bravo, dijo que si en esta ocasi\u00f3n levant\u00f3 la mano para ser tomada en cuenta, se debe a que muchas legisladoras han luchado por que exista una paridad de g\u00e9nero para los puestos de elecci\u00f3n popular.<\/p>\n\n\n\n<p>\u201cGracias a la labor que han venido realizando nuestras legisladoras, hoy por hoy tenemos la paridad de g\u00e9nero, que es una realidad constitucional y precisamente por eso me animo a participar, porque ya existe la protecci\u00f3n a nuestros derechos pol\u00edtico electorales\u201d, resalt\u00f3.<\/p>\n\n\n\n<p>De la misma manera, dijo que conf\u00eda en que tanto MORENA como el Partido Verde Ecologista de M\u00e9xico (PVEM) con quien se form\u00f3 la alianza, respeten la equidad de g\u00e9nero y postulen a las mujeres m\u00e1s preparadas para el servicio p\u00fablico.<\/p>\n\n\n\n<p>\u201cEs una labor que tiene uno que realizar si yo me siento preparada y capacitada para llevar a cabo un cargo de elecci\u00f3n popular, por eso levanto la mano porque me considero capaz para realizar una excelente labor en el Congreso\u201d, mencion\u00f3.<\/p>\n\n\n\n<p>El distrito 17 tiene como cabecera el municipio de Medell\u00edn de Bravo, aunque tambi\u00e9n comprende los municipios de Paso del Macho, Camar\u00f3n de Tejeda, Cuitl\u00e1huac, Cotaxtla, Manlio Fabio Altamirano.<br>\u00a0<\/p>\n","protected":false},"excerpt":{"rendered":"<p>Alejandro \u00c1vila Veracruz, Ver.- La elecci\u00f3n de candidatos a alcaldes, as\u00ed como para diputados locales y federales en el 2021 en el Movimiento de Regeneraci\u00f3n Nacional (MORENA) ser\u00e1n asignadas mediante el m\u00e9todo de encuesta; es decir quien est\u00e9 mejor posicionado ante la gente, inform\u00f3 Mar\u00eda Erika Verazas Lira, militante de MORENA. Esto para evitar asegurar [&hellip;]<\/p>\n","protected":false},"author":1,"featured_media":9600,"comment_status":"open","ping_status":"open","sticky":false,"template":"","format":"standard","meta":{"_jetpack_memberships_contains_paid_content":false,"footnotes":""},"categories":[2],"tags":[],"class_list":["post-9602","post","type-post","status-publish","format-standard","has-post-thumbnail","hentry","category-estado"],"jetpack_featured_media_url":"https:\/\/encuentroinformativo.com.mx\/wp-content\/uploads\/2020\/12\/108309A4-ED19-4B46-AE54-7BF13F4904B6.jpeg","jetpack_sharing_enabled":true,"jetpack_likes_enabled":true,"amp_enabled":true,"_links":{"self":[{"href":"https:\/\/encuentroinformativo.com.mx\/index.php?rest_route=\/wp\/v2\/posts\/9602","targetHints":{"allow":["GET"]}}],"collection":[{"href":"https:\/\/encuentroinformativo.com.mx\/index.php?rest_route=\/wp\/v2\/posts"}],"about":[{"href":"https:\/\/encuentroinformativo.com.mx\/index.php?rest_route=\/wp\/v2\/types\/post"}],"author":[{"embeddable":true,"href":"https:\/\/encuentroinformativo.com.mx\/index.php?rest_route=\/wp\/v2\/users\/1"}],"replies":[{"embeddable":true,"href":"https:\/\/encuentroinformativo.com.mx\/index.php?rest_route=%2Fwp%2Fv2%2Fcomments&post=9602"}],"version-history":[{"count":1,"href":"https:\/\/encuentroinformativo.com.mx\/index.php?rest_route=\/wp\/v2\/posts\/9602\/revisions"}],"predecessor-version":[{"id":9603,"href":"https:\/\/encuentroinformativo.com.mx\/index.php?rest_route=\/wp\/v2\/posts\/9602\/revisions\/9603"}],"wp:featuredmedia":[{"embeddable":true,"href":"https:\/\/encuentroinformativo.com.mx\/index.php?rest_route=\/wp\/v2\/media\/9600"}],"wp:attachment":[{"href":"https:\/\/encuentroinformativo.com.mx\/index.php?rest_route=%2Fwp%2Fv2%2Fmedia&parent=9602"}],"wp:term":[{"taxonomy":"category","embeddable":true,"href":"https:\/\/encuentroinformativo.com.mx\/index.php?rest_route=%2Fwp%2Fv2%2Fcategories&post=9602"},{"taxonomy":"post_tag","embeddable":true,"href":"https:\/\/encuentroinformativo.com.mx\/index.php?rest_route=%2Fwp%2Fv2%2Ftags&post=9602"}],"curies":[{"name":"wp","href":"https:\/\/api.w.org\/{rel}","templated":true}]}}