{"id":9604,"date":"2020-12-31T14:08:43","date_gmt":"2020-12-31T20:08:43","guid":{"rendered":"https:\/\/encuentroinformativo.com.mx\/?p=9604"},"modified":"2020-12-31T14:08:45","modified_gmt":"2020-12-31T20:08:45","slug":"invasion-de-bosques-amenaza-especies-de-orquideas","status":"publish","type":"post","link":"https:\/\/encuentroinformativo.com.mx\/?p=9604","title":{"rendered":"Invasi\u00f3n de bosques amenaza especies de orqu\u00eddeas"},"content":{"rendered":"\n<p><strong>Juan Arcos <\/strong><\/p>\n\n\n\n<p>Coatepec, Ver.- Especies de orqu\u00eddeas end\u00e9micas est\u00e1n amenazadas por la invasi\u00f3n en el bosque de Coatepec, en la zona conocida como Sierra Alta, consider\u00f3 el director del Museo de la Orqu\u00eddea, \u00d3scar Espino Contreras.<\/p>\n\n\n\n<p>El entrevistado destac\u00f3 la importancia de que sea solucionado el conflicto, para garantizar la conservaci\u00f3n del bosque de niebla, el agua y las especies que habitan en el lugar.<\/p>\n\n\n\n<p>En ese sentido, lament\u00f3 que hasta el momento no hayan sido desalojados los integrantes de la Central Independiente de Obreros Agr\u00edcolas y Campesinos (CIOAC), que se apropiaron del predio Jinicuil Manso.<\/p>\n\n\n\n<p>\u201cLamentamos mucho la tibieza con la que las autoridades han dejado este tema, respaldamos por su puesto a los afectados directos y a quienes est\u00e1n haciendo un esfuerzo de lucha por defender estos predios de la invasi\u00f3n\u201d.<\/p>\n\n\n\n<p>Adem\u00e1s, Espino Contreras pidi\u00f3 que las autoridades determinen el desalojo de los m\u00e1s de 100 invasores, quienes atentan contra el entorno ecol\u00f3gico.<\/p>\n\n\n\n<p>\u201cLo \u00fanico que se est\u00e1 afectado es el equilibrio ecol\u00f3gico de esos predios y, por ende, afecta la disponibilidad del agua que es un derecho humano y que si pone en riesgo la disponibilidad del agua estamos hablando de un tema de gobernanza para esta regi\u00f3n de Coatepec\u201d.<\/p>\n\n\n\n<p>Cabe recordar que existen denuncias penales por despojo y da\u00f1os ambientales en el bosque del Pueblo M\u00e1gico, donde m\u00e1s de 90 especies de flora, fauna y hongos est\u00e1n en peligro de extinci\u00f3n.<\/p>\n\n\n\n<p>Adem\u00e1s, los leg\u00edtimos propietarios han denunciado la tala clandestina y la contaminaci\u00f3n de los mantos acu\u00edferos por el asentamiento irregular por parte de la CIOAC.<\/p>\n\n\n\n<p>\u201cOjal\u00e1 que las autoridades intervengan pronto con determinaci\u00f3n y que pueda solucionarse este conflicto\u201d, a\u00f1adi\u00f3 el Director del Museo de la Orqu\u00eddea.<\/p>\n\n\n\n<p>Finalmente, coment\u00f3 que el bosque de niebla alberga casi el 50 por ciento de las especies de orqu\u00eddeas en el pa\u00eds, donde hay registro de mil 200 y el 40 por ciento est\u00e1 en alguna categor\u00eda de riesgo, seg\u00fan la Normal Oficial Mexicana 059.<\/p>\n","protected":false},"excerpt":{"rendered":"<p>Juan Arcos Coatepec, Ver.- Especies de orqu\u00eddeas end\u00e9micas est\u00e1n amenazadas por la invasi\u00f3n en el bosque de Coatepec, en la zona conocida como Sierra Alta, consider\u00f3 el director del Museo de la Orqu\u00eddea, \u00d3scar Espino Contreras. El entrevistado destac\u00f3 la importancia de que sea solucionado el conflicto, para garantizar la conservaci\u00f3n del bosque de niebla, [&hellip;]<\/p>\n","protected":false},"author":1,"featured_media":9605,"comment_status":"open","ping_status":"open","sticky":false,"template":"","format":"standard","meta":{"_jetpack_memberships_contains_paid_content":false,"footnotes":""},"categories":[8],"tags":[],"class_list":["post-9604","post","type-post","status-publish","format-standard","has-post-thumbnail","hentry","category-region"],"jetpack_featured_media_url":"https:\/\/encuentroinformativo.com.mx\/wp-content\/uploads\/2020\/12\/4E60A83B-CB9F-4C28-A254-4D0AFF7C3104.jpeg","jetpack_sharing_enabled":true,"jetpack_likes_enabled":true,"amp_enabled":true,"_links":{"self":[{"href":"https:\/\/encuentroinformativo.com.mx\/index.php?rest_route=\/wp\/v2\/posts\/9604","targetHints":{"allow":["GET"]}}],"collection":[{"href":"https:\/\/encuentroinformativo.com.mx\/index.php?rest_route=\/wp\/v2\/posts"}],"about":[{"href":"https:\/\/encuentroinformativo.com.mx\/index.php?rest_route=\/wp\/v2\/types\/post"}],"author":[{"embeddable":true,"href":"https:\/\/encuentroinformativo.com.mx\/index.php?rest_route=\/wp\/v2\/users\/1"}],"replies":[{"embeddable":true,"href":"https:\/\/encuentroinformativo.com.mx\/index.php?rest_route=%2Fwp%2Fv2%2Fcomments&post=9604"}],"version-history":[{"count":1,"href":"https:\/\/encuentroinformativo.com.mx\/index.php?rest_route=\/wp\/v2\/posts\/9604\/revisions"}],"predecessor-version":[{"id":9606,"href":"https:\/\/encuentroinformativo.com.mx\/index.php?rest_route=\/wp\/v2\/posts\/9604\/revisions\/9606"}],"wp:featuredmedia":[{"embeddable":true,"href":"https:\/\/encuentroinformativo.com.mx\/index.php?rest_route=\/wp\/v2\/media\/9605"}],"wp:attachment":[{"href":"https:\/\/encuentroinformativo.com.mx\/index.php?rest_route=%2Fwp%2Fv2%2Fmedia&parent=9604"}],"wp:term":[{"taxonomy":"category","embeddable":true,"href":"https:\/\/encuentroinformativo.com.mx\/index.php?rest_route=%2Fwp%2Fv2%2Fcategories&post=9604"},{"taxonomy":"post_tag","embeddable":true,"href":"https:\/\/encuentroinformativo.com.mx\/index.php?rest_route=%2Fwp%2Fv2%2Ftags&post=9604"}],"curies":[{"name":"wp","href":"https:\/\/api.w.org\/{rel}","templated":true}]}}