{"id":9623,"date":"2021-01-01T13:27:23","date_gmt":"2021-01-01T19:27:23","guid":{"rendered":"https:\/\/encuentroinformativo.com.mx\/?p=9623"},"modified":"2021-01-01T13:29:03","modified_gmt":"2021-01-01T19:29:03","slug":"primer-bebe-del-2021-nacio-en-tlapacoyan","status":"publish","type":"post","link":"https:\/\/encuentroinformativo.com.mx\/?p=9623","title":{"rendered":"Primer beb\u00e9 del 2021 naci\u00f3 en Tlapacoyan"},"content":{"rendered":"\n<p><strong>Juan Arcos <\/strong><\/p>\n\n\n\n<p>Xalapa, Ver.- El primer beb\u00e9 de este 2021 naci\u00f3 en el municipio de Tlapacoyan, ubicado en la zona centro de la entidad veracruzana, en la regi\u00f3n llamada del Nautla.<\/p>\n\n\n\n<p>El titular de la Secretar\u00eda de Salud de Veracruz (SS), Roberto Ramos Alor, dio a conocer que un beb\u00e9 var\u00f3n vio la luz durante los primeros segundos de este a\u00f1o.<\/p>\n\n\n\n<p>El ni\u00f1o naci\u00f3 en el Hospital de la Comunidad Tlapacoyan a las 00:06 horas de este 1\u00ba de enero. Pes\u00f3 3 kilogramos con 300 gramos y midi\u00f3 52 cent\u00edmetros.<\/p>\n\n\n\n<p>\u201cCon mucha alegr\u00eda y a nombre del gobernador Cuitl\u00e1huac Garc\u00eda Jim\u00e9nez, felicito a la familia Salazar M\u00e9ndez por el nacimiento de su hijo, que es el primer beb\u00e9 de este a\u00f1o 2021; que la dicha y el \u00e9xito los acompa\u00f1en siempre\u201d, se lee en la cuenta oficial de Facebook del funcionario estatal.<\/p>\n\n\n\n<p>El Secretario de Salud de Veracruz tambi\u00e9n agradeci\u00f3 al personal m\u00e9dico que recibi\u00f3 el a\u00f1o, haciendo guardia en los diferentes hospitales de la entidad veracruzana.<\/p>\n\n\n\n<p>\u201cEs un placer ser testigos de la vida y ser part\u00edcipes del amor de Dios, gracias Dr. Por el trabajo y participaci\u00f3n de los trabajadores cl\u00ednicos del sector salud\u201d, respondieron algunos usuarios al comentario sobre el primer nacimiento del 2021.<\/p>\n","protected":false},"excerpt":{"rendered":"<p>Juan Arcos Xalapa, Ver.- El primer beb\u00e9 de este 2021 naci\u00f3 en el municipio de Tlapacoyan, ubicado en la zona centro de la entidad veracruzana, en la regi\u00f3n llamada del Nautla. El titular de la Secretar\u00eda de Salud de Veracruz (SS), Roberto Ramos Alor, dio a conocer que un beb\u00e9 var\u00f3n vio la luz durante [&hellip;]<\/p>\n","protected":false},"author":1,"featured_media":9626,"comment_status":"open","ping_status":"open","sticky":false,"template":"","format":"standard","meta":{"_jetpack_memberships_contains_paid_content":false,"footnotes":""},"categories":[2],"tags":[],"class_list":["post-9623","post","type-post","status-publish","format-standard","has-post-thumbnail","hentry","category-estado"],"jetpack_featured_media_url":"https:\/\/encuentroinformativo.com.mx\/wp-content\/uploads\/2021\/01\/09A11CE9-9F01-465C-9F87-657F5030A074.jpeg","jetpack_sharing_enabled":true,"jetpack_likes_enabled":true,"amp_enabled":true,"_links":{"self":[{"href":"https:\/\/encuentroinformativo.com.mx\/index.php?rest_route=\/wp\/v2\/posts\/9623","targetHints":{"allow":["GET"]}}],"collection":[{"href":"https:\/\/encuentroinformativo.com.mx\/index.php?rest_route=\/wp\/v2\/posts"}],"about":[{"href":"https:\/\/encuentroinformativo.com.mx\/index.php?rest_route=\/wp\/v2\/types\/post"}],"author":[{"embeddable":true,"href":"https:\/\/encuentroinformativo.com.mx\/index.php?rest_route=\/wp\/v2\/users\/1"}],"replies":[{"embeddable":true,"href":"https:\/\/encuentroinformativo.com.mx\/index.php?rest_route=%2Fwp%2Fv2%2Fcomments&post=9623"}],"version-history":[{"count":1,"href":"https:\/\/encuentroinformativo.com.mx\/index.php?rest_route=\/wp\/v2\/posts\/9623\/revisions"}],"predecessor-version":[{"id":9624,"href":"https:\/\/encuentroinformativo.com.mx\/index.php?rest_route=\/wp\/v2\/posts\/9623\/revisions\/9624"}],"wp:featuredmedia":[{"embeddable":true,"href":"https:\/\/encuentroinformativo.com.mx\/index.php?rest_route=\/wp\/v2\/media\/9626"}],"wp:attachment":[{"href":"https:\/\/encuentroinformativo.com.mx\/index.php?rest_route=%2Fwp%2Fv2%2Fmedia&parent=9623"}],"wp:term":[{"taxonomy":"category","embeddable":true,"href":"https:\/\/encuentroinformativo.com.mx\/index.php?rest_route=%2Fwp%2Fv2%2Fcategories&post=9623"},{"taxonomy":"post_tag","embeddable":true,"href":"https:\/\/encuentroinformativo.com.mx\/index.php?rest_route=%2Fwp%2Fv2%2Ftags&post=9623"}],"curies":[{"name":"wp","href":"https:\/\/api.w.org\/{rel}","templated":true}]}}