{"id":9642,"date":"2021-01-02T14:28:54","date_gmt":"2021-01-02T20:28:54","guid":{"rendered":"https:\/\/encuentroinformativo.com.mx\/?p=9642"},"modified":"2021-01-02T14:28:57","modified_gmt":"2021-01-02T20:28:57","slug":"persiste-impunidad-en-caso-moises-sanchez-acusan-familiares","status":"publish","type":"post","link":"https:\/\/encuentroinformativo.com.mx\/?p=9642","title":{"rendered":"Persiste impunidad en caso Mois\u00e9s S\u00e1nchez, acusan familiares"},"content":{"rendered":"\n<p><strong>Dar\u00edo Pale <\/strong><\/p>\n\n\n\n<p>Xalapa, Ver.- A 6 a\u00f1os del asesinato del periodista\u00a0Mois\u00e9s S\u00e1nchez Cerezo, su hijo Jorge S\u00e1nchez contin\u00faa exigiendo justicia por lo ocurrido en Medell\u00edn de Bravo ya que el crimen sigue sin aclararse, son tres administraciones las que han quedado a deber justicia a la familia, pues a\u00fan cuando ya hubo cuatro detenidos por su presunta participaci\u00f3n, tres fueron liberados por supuestos errores en las investigaciones.<\/p>\n\n\n\n<p>Entrevistado durante su manifestaci\u00f3n en la plaza Lerdo se\u00f1al\u00f3 que,\u00a0&#8220;a pesar de tres administraciones de diferente color, con tres fiscales a modo cada uno, contin\u00faa la impunidad&#8230; no vemos voluntad por parte de los gobiernos. No est\u00e1n para que haya justicia, est\u00e1n para incubrir a los actuales mandatarios. Casos como el de mi padre y una veintena m\u00e1s de periodistas que han sido asesinados siguen en la impunidad&#8221;.<\/p>\n\n\n\n<p>Sostuvo que en Veracruz gobiernos van y gobiernos vienen y aunque cambian los colores de partidos pol\u00edticos, prevalece la impunidad en los casos de periodistas asesinados, a\u00a0seis a\u00f1os del crimen de su padre, Mois\u00e9s S\u00e1nchez Cerezo, pint\u00f3 la palabra impunidad en el piso y trajo consigo objetos que usaba para hacer su trabajo como la bocina, su camisa y su identificaci\u00f3n.<\/p>\n\n\n\n<p>Al manifestarse frente al Palacio de Gobierno, en Xalapa, dijo que s\u00f3lo queda una persona detenida, aunque hubo 9 se\u00f1alados, esto por supuestos errores en las investigaciones que ha hecho anteriormente la Fiscal\u00eda General del Estado,\u00a0&#8220;no bastan las protestas, entrevistarse con el gobernador, con el secretario de Gobernaci\u00f3n, el tema es que siempre hay una \u00e9lite que perpet\u00faa la impunidad que existe en Veracruz y en el pa\u00eds&#8221;.<br><br>&#8220;La impunidad es lo \u00fanico que caracteriza a estos gobiernos, a qu\u00e9 se enfrentan los reporteros, se enfrenta a una polic\u00eda que en lugar de proteger los derechos de cada uno de los ciudadanos, lo que hacen es tratar de intimidar. De hecho llegamos aqu\u00ed y en cuesti\u00f3n de minutos llegaron los polic\u00edas a tratar de detenernos, a tratar de intimidarnos, no quer\u00edan que hicieramos esto&#8221;, denunci\u00f3.<\/p>\n\n\n\n<p>Jorge S\u00e1nchez dijo que con este acto simb\u00f3lico, no se trataba s\u00f3lo de recordar a su padre, sino la vida de m\u00e1s de 20 periodistas asesinados en Veracruz como Rub\u00e9n Espinoza, Juan Mendoza, entre otros de una larga lista.<br>Ah\u00ed, opin\u00f3 que no s\u00f3lo se trata de las fr\u00edas cifras, son personas que tienen familias, de los periodistas que andan en la calle en condiciones precarias, con p\u00edrricos salarios, pero que a\u00fan y con todo eso, arriesgan la vida para informar.<\/p>\n\n\n\n<p>&#8220;Nosotros tenemos que hacer esto como un deber ciudadano, porque ninguna de las conquistas que hoy tenemos, ninguno de los derechos que hoy tenemos se logr\u00f3 porque los gobiernos nos los hubieran entregado, se logr\u00f3 gracias a las protestas, a las manifestaciones&#8221;, asegur\u00f3.<\/p>\n\n\n\n<p>Jorge S\u00e1nchez insisti\u00f3 en que aunque haya cambios en las administraciones, los polic\u00edas siguen sin proteger a los ciudadanos, solo sirven para intimidar, aunque hay algunas excepciones, ya que se\u00f1al\u00f3\u00a0que la investigaci\u00f3n por el asesinato de su padre se estaba haciendo a modo para liberar a los detenidos.<\/p>\n\n\n\n<p>&#8220;En septiembre (de 2015) el primero de los detenidos sali\u00f3 en libertad, el que era el escolta del exalcalde. Este 2020 estaban por salir si no es que ya salieron dos polic\u00edas que estaban detenidos, pero ellos estaban detenidos por incumplimiento de un deber legal. Entonces s\u00f3lo hay un detenido, pero por el delito de incumplimiento de un deber legal&#8221;, se\u00f1al\u00f3.<\/p>\n\n\n\n<p>&#8220;Solo est\u00e1 detenido Clemente No\u00e9, recordemos que en el hecho participan 9 personas, cinco veh\u00edculos fuertemente armados y se llevan a mi padre de su domicilio&#8221;, agreg\u00f3.<\/p>\n\n\n\n<p>Expuso que hay una orden de aprehensi\u00f3n contra el exalcalde de Medell\u00edn de Bravo, Omar Cruz, pero no la cumplimentan, se le ha visto en los caf\u00e9s de C\u00f3rdoba y de la zona y anda como si nada.<\/p>\n\n\n\n<p>&#8220;Lleva seis a\u00f1os pr\u00f3fugo de la justicia, es algo muy doloso porque nosotros hemos\u00a0 hecho todo para que haya justicia, no solo en este caso si no en otros de compa\u00f1eros, pero no vemos voluntad de parte de los gobiernos. Cada uno tiene su fiscal a modo. No est\u00e1n\u00a0 para que haya justicia sino para encubrir a los actuales mandatarios&#8221;, finaliz\u00f3.<\/p>\n\n\n\n<figure class=\"wp-block-image size-large\"><img loading=\"lazy\" decoding=\"async\" width=\"733\" height=\"639\" src=\"https:\/\/encuentroinformativo.com.mx\/wp-content\/uploads\/2021\/01\/092BBFD4-E516-4F54-B934-D05F9BA8B0F0.jpeg\" alt=\"\" class=\"wp-image-9644\" srcset=\"https:\/\/encuentroinformativo.com.mx\/wp-content\/uploads\/2021\/01\/092BBFD4-E516-4F54-B934-D05F9BA8B0F0.jpeg 733w, https:\/\/encuentroinformativo.com.mx\/wp-content\/uploads\/2021\/01\/092BBFD4-E516-4F54-B934-D05F9BA8B0F0-300x262.jpeg 300w\" sizes=\"auto, (max-width: 733px) 100vw, 733px\" \/><\/figure>\n","protected":false},"excerpt":{"rendered":"<p>Dar\u00edo Pale Xalapa, Ver.- A 6 a\u00f1os del asesinato del periodista\u00a0Mois\u00e9s S\u00e1nchez Cerezo, su hijo Jorge S\u00e1nchez contin\u00faa exigiendo justicia por lo ocurrido en Medell\u00edn de Bravo ya que el crimen sigue sin aclararse, son tres administraciones las que han quedado a deber justicia a la familia, pues a\u00fan cuando ya hubo cuatro detenidos por [&hellip;]<\/p>\n","protected":false},"author":1,"featured_media":9643,"comment_status":"open","ping_status":"open","sticky":false,"template":"","format":"standard","meta":{"_jetpack_memberships_contains_paid_content":false,"footnotes":""},"categories":[2],"tags":[],"class_list":["post-9642","post","type-post","status-publish","format-standard","has-post-thumbnail","hentry","category-estado"],"jetpack_featured_media_url":"https:\/\/encuentroinformativo.com.mx\/wp-content\/uploads\/2021\/01\/3B0DEBAF-F0FB-47F4-8A1D-886D4A702828.jpeg","jetpack_sharing_enabled":true,"jetpack_likes_enabled":true,"amp_enabled":true,"_links":{"self":[{"href":"https:\/\/encuentroinformativo.com.mx\/index.php?rest_route=\/wp\/v2\/posts\/9642","targetHints":{"allow":["GET"]}}],"collection":[{"href":"https:\/\/encuentroinformativo.com.mx\/index.php?rest_route=\/wp\/v2\/posts"}],"about":[{"href":"https:\/\/encuentroinformativo.com.mx\/index.php?rest_route=\/wp\/v2\/types\/post"}],"author":[{"embeddable":true,"href":"https:\/\/encuentroinformativo.com.mx\/index.php?rest_route=\/wp\/v2\/users\/1"}],"replies":[{"embeddable":true,"href":"https:\/\/encuentroinformativo.com.mx\/index.php?rest_route=%2Fwp%2Fv2%2Fcomments&post=9642"}],"version-history":[{"count":1,"href":"https:\/\/encuentroinformativo.com.mx\/index.php?rest_route=\/wp\/v2\/posts\/9642\/revisions"}],"predecessor-version":[{"id":9645,"href":"https:\/\/encuentroinformativo.com.mx\/index.php?rest_route=\/wp\/v2\/posts\/9642\/revisions\/9645"}],"wp:featuredmedia":[{"embeddable":true,"href":"https:\/\/encuentroinformativo.com.mx\/index.php?rest_route=\/wp\/v2\/media\/9643"}],"wp:attachment":[{"href":"https:\/\/encuentroinformativo.com.mx\/index.php?rest_route=%2Fwp%2Fv2%2Fmedia&parent=9642"}],"wp:term":[{"taxonomy":"category","embeddable":true,"href":"https:\/\/encuentroinformativo.com.mx\/index.php?rest_route=%2Fwp%2Fv2%2Fcategories&post=9642"},{"taxonomy":"post_tag","embeddable":true,"href":"https:\/\/encuentroinformativo.com.mx\/index.php?rest_route=%2Fwp%2Fv2%2Ftags&post=9642"}],"curies":[{"name":"wp","href":"https:\/\/api.w.org\/{rel}","templated":true}]}}