{"id":965,"date":"2020-03-16T13:08:49","date_gmt":"2020-03-16T19:08:49","guid":{"rendered":"https:\/\/encuentroinformativo.com\/?p=965"},"modified":"2020-03-16T13:08:51","modified_gmt":"2020-03-16T19:08:51","slug":"covid-19-corta-tendederos","status":"publish","type":"post","link":"https:\/\/encuentroinformativo.com.mx\/?p=965","title":{"rendered":"Covid-19 corta Tendederos"},"content":{"rendered":"\n<p><strong>N\u00fameros Rojos<\/strong><\/p>\n\n\n\n<p><strong>Brenda Caballero<\/strong><\/p>\n\n\n\n<p>\u00a1No me lo esperaba! Escucho decir al chofer de un taxi. Es verdad, el pronunciamiento de Esteban Moctezuma Barrag\u00e1n, Secretario de Educaci\u00f3n P\u00fablica, hizo la noticia en este puente largo al suspender eventos escolares y adelantar las vacaciones de Semana Santa del 20 de marzo al 20 de abril como medida preventiva ante el Covid-19 en acuerdo con la Secretar\u00eda de Salud de M\u00e9xico.<\/p>\n\n\n\n<p>Desde luego que la preocupaci\u00f3n primaria del chofer en ese momento fue su econom\u00eda, sin embargo, he de aplaudir las medidas conjuntas de Salud y Educaci\u00f3n en materia de prevenci\u00f3n para la poblaci\u00f3n, pues de acuerdo a la realidad que viven nuestros paisanos de Italia y Espa\u00f1a, principalmente, quedarse en casa y seguir las medidas preventivas har\u00e1n la diferencia y evitar\u00e1n que el Covid-19 se siga propagando.<\/p>\n\n\n\n<p>As\u00ed que, aunque Don Esteban haya dicho que las vacaciones se adelantan, en realidad no son vacaciones para salir a divertirse, sino para mantenerse en aislamiento y alerta en el hogar.<\/p>\n\n\n\n<p>Otras dependencias han seguido las mismas medidas, incluso en tiempo de declaraciones anuales, el Servicio de Administraci\u00f3n Tributaria (SAT) ha suspendido temporalmente y hasta nuevo aviso su atenci\u00f3n en salas de internet.<\/p>\n\n\n\n<p>Tambi\u00e9n ya se comienza a ver que los empleados de supermercados limpian constantemente los mostradores que tienen mayores visitas. Por cierto, aunque son medidas de contingencia y no de p\u00e1nico, las toallitas desinfectantes, los productos lysol, el gel antibacteriales y hasta el jab\u00f3n l\u00edquido de manos ha desaparecido de los anaqueles \u00a1y hasta los huevos! S\u00ed, llama la atenci\u00f3n que tanto el huevo blanco como el colorado hayan volado de los estantes.<\/p>\n\n\n\n<p>Todas estas medidas son perfectas, sin embargo, vienen a cortar los tendederos de acoso sexual que han hecho alumnas en diversas Universidades, Tecnol\u00f3gicos y Escuelas de todo el pa\u00eds contras sus catedr\u00e1ticos y compa\u00f1eros, un movimiento que no se hab\u00eda realizado con tanta fuerza y que ha expuesto lo que realmente sufren muchas mujeres y j\u00f3venes dentro de las aulas escolares. Aunque muchas jovencitas afirman haber denunciado los actos de acoso sufridos, las autoridades escolares parecen no inmutarse, adem\u00e1s de que simulan el seguimiento a dichas acusaciones pues el n\u00famero de suspendidos, cesados y en la c\u00e1rcel no se compara con toda la cloaca destapada por las j\u00f3venes a trav\u00e9s de sus tendederos, redes sociales y medios de comunicaci\u00f3n.<\/p>\n\n\n\n<p>Sin duda, la cuarentena del Covid-19 implementada por autoridades federales dar\u00e1 un respiro a los acosadores de aulas y a autoridades escolares; solamente espero que el virus no mate las manifestaciones de las estudiantes que han levantado la voz contra el acoso sexual y la violencia de g\u00e9nero y retomen sus movimientos despu\u00e9s del 20 de abril.<\/p>\n\n\n\n<p>@NumerosRojos_BC<\/p>\n\n\n\n<p><a href=\"mailto:caballero_brenda@hotmail.com\" target=\"_blank\" rel=\"noreferrer noopener\">caballero_brenda@hotmail.com<\/a>&nbsp;<\/p>\n\n\n\n<p><\/p>\n","protected":false},"excerpt":{"rendered":"<p>N\u00fameros Rojos Brenda Caballero \u00a1No me lo esperaba! Escucho decir al chofer de un taxi. Es verdad, el pronunciamiento de Esteban Moctezuma Barrag\u00e1n, Secretario de Educaci\u00f3n P\u00fablica, hizo la noticia en este puente largo al suspender eventos escolares y adelantar las vacaciones de Semana Santa del 20 de marzo al 20 de abril como medida [&hellip;]<\/p>\n","protected":false},"author":1,"featured_media":387,"comment_status":"open","ping_status":"open","sticky":false,"template":"","format":"standard","meta":{"_jetpack_memberships_contains_paid_content":false,"footnotes":""},"categories":[11],"tags":[],"class_list":["post-965","post","type-post","status-publish","format-standard","has-post-thumbnail","hentry","category-opinion"],"jetpack_featured_media_url":"https:\/\/encuentroinformativo.com.mx\/wp-content\/uploads\/2020\/03\/7CF8A22B-2764-47BE-8F7F-38FE9E5D6A2F.jpeg","jetpack_sharing_enabled":true,"jetpack_likes_enabled":true,"amp_enabled":true,"_links":{"self":[{"href":"https:\/\/encuentroinformativo.com.mx\/index.php?rest_route=\/wp\/v2\/posts\/965","targetHints":{"allow":["GET"]}}],"collection":[{"href":"https:\/\/encuentroinformativo.com.mx\/index.php?rest_route=\/wp\/v2\/posts"}],"about":[{"href":"https:\/\/encuentroinformativo.com.mx\/index.php?rest_route=\/wp\/v2\/types\/post"}],"author":[{"embeddable":true,"href":"https:\/\/encuentroinformativo.com.mx\/index.php?rest_route=\/wp\/v2\/users\/1"}],"replies":[{"embeddable":true,"href":"https:\/\/encuentroinformativo.com.mx\/index.php?rest_route=%2Fwp%2Fv2%2Fcomments&post=965"}],"version-history":[{"count":1,"href":"https:\/\/encuentroinformativo.com.mx\/index.php?rest_route=\/wp\/v2\/posts\/965\/revisions"}],"predecessor-version":[{"id":966,"href":"https:\/\/encuentroinformativo.com.mx\/index.php?rest_route=\/wp\/v2\/posts\/965\/revisions\/966"}],"wp:featuredmedia":[{"embeddable":true,"href":"https:\/\/encuentroinformativo.com.mx\/index.php?rest_route=\/wp\/v2\/media\/387"}],"wp:attachment":[{"href":"https:\/\/encuentroinformativo.com.mx\/index.php?rest_route=%2Fwp%2Fv2%2Fmedia&parent=965"}],"wp:term":[{"taxonomy":"category","embeddable":true,"href":"https:\/\/encuentroinformativo.com.mx\/index.php?rest_route=%2Fwp%2Fv2%2Fcategories&post=965"},{"taxonomy":"post_tag","embeddable":true,"href":"https:\/\/encuentroinformativo.com.mx\/index.php?rest_route=%2Fwp%2Fv2%2Ftags&post=965"}],"curies":[{"name":"wp","href":"https:\/\/api.w.org\/{rel}","templated":true}]}}