{"id":9650,"date":"2021-01-02T17:32:21","date_gmt":"2021-01-02T23:32:21","guid":{"rendered":"https:\/\/encuentroinformativo.com.mx\/?p=9650"},"modified":"2021-01-02T17:32:23","modified_gmt":"2021-01-02T23:32:23","slug":"se-incendio-vehiculo-particular-en-el-pando","status":"publish","type":"post","link":"https:\/\/encuentroinformativo.com.mx\/?p=9650","title":{"rendered":"Se incendi\u00f3 veh\u00edculo particular en El Pando"},"content":{"rendered":"\n<p>Cd. Cardel, La Antigua, Ver.- Este s\u00e1bado se registr\u00f3 un incendio en una camioneta particular sobre la carretera federal 180, a la altura de la localidad de El Pando en el carril con direcci\u00f3n a Cardel.<\/p>\n\n\n\n<p>Al lugar del siniestro arribaron elementos de Protecci\u00f3n Civil as\u00ed como bomberos municipales de La Antigua, apoyados por la unidad de \u00c1ngeles Verdes, evitando que se suscitaran da\u00f1os mayores.<\/p>\n\n\n\n<p>Afortunadamente no hubo v\u00edctimas que lamentar debido a que los ocupantes del veh\u00edculo lograron salir a tiempo. <\/p>\n\n\n\n<p><strong>Fotos: <\/strong>Cortes\u00eda <\/p>\n\n\n\n<figure class=\"wp-block-image size-large\"><img loading=\"lazy\" decoding=\"async\" width=\"800\" height=\"540\" src=\"https:\/\/encuentroinformativo.com.mx\/wp-content\/uploads\/2021\/01\/6D357D26-5ECB-4C93-B006-EC81A7E2CDA2.jpeg\" alt=\"\" class=\"wp-image-9652\" srcset=\"https:\/\/encuentroinformativo.com.mx\/wp-content\/uploads\/2021\/01\/6D357D26-5ECB-4C93-B006-EC81A7E2CDA2.jpeg 800w, https:\/\/encuentroinformativo.com.mx\/wp-content\/uploads\/2021\/01\/6D357D26-5ECB-4C93-B006-EC81A7E2CDA2-300x203.jpeg 300w, https:\/\/encuentroinformativo.com.mx\/wp-content\/uploads\/2021\/01\/6D357D26-5ECB-4C93-B006-EC81A7E2CDA2-768x518.jpeg 768w\" sizes=\"auto, (max-width: 800px) 100vw, 800px\" \/><\/figure>\n","protected":false},"excerpt":{"rendered":"<p>Cd. Cardel, La Antigua, Ver.- Este s\u00e1bado se registr\u00f3 un incendio en una camioneta particular sobre la carretera federal 180, a la altura de la localidad de El Pando en el carril con direcci\u00f3n a Cardel. Al lugar del siniestro arribaron elementos de Protecci\u00f3n Civil as\u00ed como bomberos municipales de La Antigua, apoyados por la [&hellip;]<\/p>\n","protected":false},"author":1,"featured_media":9651,"comment_status":"open","ping_status":"open","sticky":false,"template":"","format":"standard","meta":{"_jetpack_memberships_contains_paid_content":false,"footnotes":""},"categories":[8],"tags":[],"class_list":["post-9650","post","type-post","status-publish","format-standard","has-post-thumbnail","hentry","category-region"],"jetpack_featured_media_url":"https:\/\/encuentroinformativo.com.mx\/wp-content\/uploads\/2021\/01\/6E697836-2514-4843-8061-1B1BFB9BCED4.jpeg","jetpack_sharing_enabled":true,"jetpack_likes_enabled":true,"amp_enabled":true,"_links":{"self":[{"href":"https:\/\/encuentroinformativo.com.mx\/index.php?rest_route=\/wp\/v2\/posts\/9650","targetHints":{"allow":["GET"]}}],"collection":[{"href":"https:\/\/encuentroinformativo.com.mx\/index.php?rest_route=\/wp\/v2\/posts"}],"about":[{"href":"https:\/\/encuentroinformativo.com.mx\/index.php?rest_route=\/wp\/v2\/types\/post"}],"author":[{"embeddable":true,"href":"https:\/\/encuentroinformativo.com.mx\/index.php?rest_route=\/wp\/v2\/users\/1"}],"replies":[{"embeddable":true,"href":"https:\/\/encuentroinformativo.com.mx\/index.php?rest_route=%2Fwp%2Fv2%2Fcomments&post=9650"}],"version-history":[{"count":1,"href":"https:\/\/encuentroinformativo.com.mx\/index.php?rest_route=\/wp\/v2\/posts\/9650\/revisions"}],"predecessor-version":[{"id":9653,"href":"https:\/\/encuentroinformativo.com.mx\/index.php?rest_route=\/wp\/v2\/posts\/9650\/revisions\/9653"}],"wp:featuredmedia":[{"embeddable":true,"href":"https:\/\/encuentroinformativo.com.mx\/index.php?rest_route=\/wp\/v2\/media\/9651"}],"wp:attachment":[{"href":"https:\/\/encuentroinformativo.com.mx\/index.php?rest_route=%2Fwp%2Fv2%2Fmedia&parent=9650"}],"wp:term":[{"taxonomy":"category","embeddable":true,"href":"https:\/\/encuentroinformativo.com.mx\/index.php?rest_route=%2Fwp%2Fv2%2Fcategories&post=9650"},{"taxonomy":"post_tag","embeddable":true,"href":"https:\/\/encuentroinformativo.com.mx\/index.php?rest_route=%2Fwp%2Fv2%2Ftags&post=9650"}],"curies":[{"name":"wp","href":"https:\/\/api.w.org\/{rel}","templated":true}]}}