{"id":9661,"date":"2021-01-03T16:20:04","date_gmt":"2021-01-03T22:20:04","guid":{"rendered":"https:\/\/encuentroinformativo.com.mx\/?p=9661"},"modified":"2021-01-03T16:20:35","modified_gmt":"2021-01-03T22:20:35","slug":"llegaran-mas-cenizas-de-veracruzanos-fallecidos-en-eu","status":"publish","type":"post","link":"https:\/\/encuentroinformativo.com.mx\/?p=9661","title":{"rendered":"Llegar\u00e1n m\u00e1s cenizas de veracruzanos fallecidos en EU"},"content":{"rendered":"\n<p><strong>Juan Arcos <\/strong><\/p>\n\n\n\n<p>Xalapa, Ver.- En el primer trimestre de este 2021 se espera la llegada de m\u00e1s urnas con las cenizas de veracruzanas y veracruzanos que fallecieron en Estados Unidos por SARS-COV-2 (COVID-19).<\/p>\n\n\n\n<p>As\u00ed lo dio a conocer el director de Atenci\u00f3n a Migrantes en el estado de Veracruz, Carlos Enrique Escalante Igual, quien a\u00f1adi\u00f3 que hasta el momento se ha apoyado a unas 20 familias de escasos recursos para cubrir los gastos del traslado correspondiente.<\/p>\n\n\n\n<p>\u201cEl \u00faltimo fue de tres urnas, afortunadamente no nos ha ido tan mal en esta situaci\u00f3n, no me gusta hablar de n\u00fameros, porque no hablamos de n\u00fameros, hablamos de personas, pero no nos ha ido tan mal como a otros estados que s\u00ed han perdido muchos familiares\u201d.<\/p>\n\n\n\n<p>El funcionario estatal record\u00f3 que algunas familias lograron repatriar los restos de sus seres queridos, sin solicitar el apoyo de la Secretar\u00eda de Relaciones Exteriores (SRE).<\/p>\n\n\n\n<p>\u201cHay que recordar que muchas familias cuentan con recursos econ\u00f3micos y pueden ellos solventar sus propios gastos, nosotros ayudamos a los que realmente m\u00e1s lo necesitan\u201d.<\/p>\n\n\n\n<p>Agreg\u00f3 que cada embarque con urnas arriba a la entidad veracruzana cada 20 o 25 d\u00edas, para que el personal de la Direcci\u00f3n de Atenci\u00f3n a Migrantes realice la entrega correspondiente.<\/p>\n\n\n\n<p>\u201cEn enero, febrero, yo creo que en el primer trimestre de este a\u00f1o vamos a seguir recibiendo urnas con cenizas\u201d.<\/p>\n\n\n\n<p>Cabe recordar que, hasta el momento, Escalante Igual tiene registro de 126 veracruzanas y veracruzanos que fallecieron en Estados Unidos, a causa de dicha enfermedad.<\/p>\n","protected":false},"excerpt":{"rendered":"<p>Juan Arcos Xalapa, Ver.- En el primer trimestre de este 2021 se espera la llegada de m\u00e1s urnas con las cenizas de veracruzanas y veracruzanos que fallecieron en Estados Unidos por SARS-COV-2 (COVID-19). As\u00ed lo dio a conocer el director de Atenci\u00f3n a Migrantes en el estado de Veracruz, Carlos Enrique Escalante Igual, quien a\u00f1adi\u00f3 [&hellip;]<\/p>\n","protected":false},"author":1,"featured_media":8343,"comment_status":"open","ping_status":"open","sticky":false,"template":"","format":"standard","meta":{"_jetpack_memberships_contains_paid_content":false,"footnotes":""},"categories":[2],"tags":[],"class_list":["post-9661","post","type-post","status-publish","format-standard","has-post-thumbnail","hentry","category-estado"],"jetpack_featured_media_url":"https:\/\/encuentroinformativo.com.mx\/wp-content\/uploads\/2020\/11\/DB1802D7-8A35-4D54-99B8-3C6A66681FA1.jpeg","jetpack_sharing_enabled":true,"jetpack_likes_enabled":true,"amp_enabled":true,"_links":{"self":[{"href":"https:\/\/encuentroinformativo.com.mx\/index.php?rest_route=\/wp\/v2\/posts\/9661","targetHints":{"allow":["GET"]}}],"collection":[{"href":"https:\/\/encuentroinformativo.com.mx\/index.php?rest_route=\/wp\/v2\/posts"}],"about":[{"href":"https:\/\/encuentroinformativo.com.mx\/index.php?rest_route=\/wp\/v2\/types\/post"}],"author":[{"embeddable":true,"href":"https:\/\/encuentroinformativo.com.mx\/index.php?rest_route=\/wp\/v2\/users\/1"}],"replies":[{"embeddable":true,"href":"https:\/\/encuentroinformativo.com.mx\/index.php?rest_route=%2Fwp%2Fv2%2Fcomments&post=9661"}],"version-history":[{"count":1,"href":"https:\/\/encuentroinformativo.com.mx\/index.php?rest_route=\/wp\/v2\/posts\/9661\/revisions"}],"predecessor-version":[{"id":9662,"href":"https:\/\/encuentroinformativo.com.mx\/index.php?rest_route=\/wp\/v2\/posts\/9661\/revisions\/9662"}],"wp:featuredmedia":[{"embeddable":true,"href":"https:\/\/encuentroinformativo.com.mx\/index.php?rest_route=\/wp\/v2\/media\/8343"}],"wp:attachment":[{"href":"https:\/\/encuentroinformativo.com.mx\/index.php?rest_route=%2Fwp%2Fv2%2Fmedia&parent=9661"}],"wp:term":[{"taxonomy":"category","embeddable":true,"href":"https:\/\/encuentroinformativo.com.mx\/index.php?rest_route=%2Fwp%2Fv2%2Fcategories&post=9661"},{"taxonomy":"post_tag","embeddable":true,"href":"https:\/\/encuentroinformativo.com.mx\/index.php?rest_route=%2Fwp%2Fv2%2Ftags&post=9661"}],"curies":[{"name":"wp","href":"https:\/\/api.w.org\/{rel}","templated":true}]}}