{"id":9663,"date":"2021-01-03T16:26:28","date_gmt":"2021-01-03T22:26:28","guid":{"rendered":"https:\/\/encuentroinformativo.com.mx\/?p=9663"},"modified":"2021-01-03T16:26:45","modified_gmt":"2021-01-03T22:26:45","slug":"pan-contendera-solo-en-20-municipios","status":"publish","type":"post","link":"https:\/\/encuentroinformativo.com.mx\/?p=9663","title":{"rendered":"PAN contender\u00e1 solo en 20 municipios"},"content":{"rendered":"\n<p><strong>Juan Arcos<\/strong><\/p>\n\n\n\n<p>Xalapa, Ver.- El Partido Acci\u00f3n Nacional (PAN) ir\u00e1 solo, sin alianza, en 20 de los 212 municipios de Veracruz, para la elecci\u00f3n del pr\u00f3ximo 6 de junio.<\/p>\n\n\n\n<p>El dirigente del PAN en Veracruz, Joaqu\u00edn Rosendo Guzm\u00e1n Avil\u00e9s, record\u00f3 que la coalici\u00f3n electoral est\u00e1 definida en la entidad para renovar diputaciones federales y locales, as\u00ed como los ayuntamientos.<\/p>\n\n\n\n<p>En ese sentido, se\u00f1al\u00f3 que se trat\u00f3 de una decisi\u00f3n dif\u00edcil, toda vez que la ideolog\u00eda albiazul ha estado por encima de cualquier otro partido pol\u00edtico.<\/p>\n\n\n\n<p>Se trata del 9.4 por ciento de los municipios de la entidad que contender\u00e1n sin una coalici\u00f3n electoral en los pr\u00f3ximos comicios.<\/p>\n\n\n\n<p>El Consejo Estatal del PAN determin\u00f3 por unanimidad dicha situaci\u00f3n con 45 votos a favor, tres en contra y una abstenci\u00f3n.<\/p>\n\n\n\n<p>Se trata de los municipios Tlilapan, Xico, Naolinco, Paso del Mancho, Atoyac, Orizaba, Altotonga, Misantla, Chocaman, Jamapa, Huatusco, Atzacan, Soledad de Doblado, Ignacio de la Llave, Maltrata, San Andr\u00e9s Tlalnelhuayocan, Tehuipango, Xoxocotla, Acula y Acayucan.<\/p>\n\n\n\n<p>Cabe recordar que en los dem\u00e1s municipios y distritos el albiazul acord\u00f3 unirse al Partido Revolucionario Institucional (PRI) y al Partido de la Revoluci\u00f3n Democr\u00e1tica (PRD) durante el proceso electoral local 2020-2021.<\/p>\n\n\n\n<p>Adem\u00e1s, se determin\u00f3 excluir al partido Movimiento de Regeneraci\u00f3n Nacional (Morena) de cualquier alianza.<\/p>\n","protected":false},"excerpt":{"rendered":"<p>Juan Arcos Xalapa, Ver.- El Partido Acci\u00f3n Nacional (PAN) ir\u00e1 solo, sin alianza, en 20 de los 212 municipios de Veracruz, para la elecci\u00f3n del pr\u00f3ximo 6 de junio. El dirigente del PAN en Veracruz, Joaqu\u00edn Rosendo Guzm\u00e1n Avil\u00e9s, record\u00f3 que la coalici\u00f3n electoral est\u00e1 definida en la entidad para renovar diputaciones federales y locales, [&hellip;]<\/p>\n","protected":false},"author":1,"featured_media":9664,"comment_status":"open","ping_status":"open","sticky":false,"template":"","format":"standard","meta":{"_jetpack_memberships_contains_paid_content":false,"footnotes":""},"categories":[2],"tags":[],"class_list":["post-9663","post","type-post","status-publish","format-standard","has-post-thumbnail","hentry","category-estado"],"jetpack_featured_media_url":"https:\/\/encuentroinformativo.com.mx\/wp-content\/uploads\/2021\/01\/A82C302A-3985-4418-B231-706AE6213A2C.jpeg","jetpack_sharing_enabled":true,"jetpack_likes_enabled":true,"amp_enabled":true,"_links":{"self":[{"href":"https:\/\/encuentroinformativo.com.mx\/index.php?rest_route=\/wp\/v2\/posts\/9663","targetHints":{"allow":["GET"]}}],"collection":[{"href":"https:\/\/encuentroinformativo.com.mx\/index.php?rest_route=\/wp\/v2\/posts"}],"about":[{"href":"https:\/\/encuentroinformativo.com.mx\/index.php?rest_route=\/wp\/v2\/types\/post"}],"author":[{"embeddable":true,"href":"https:\/\/encuentroinformativo.com.mx\/index.php?rest_route=\/wp\/v2\/users\/1"}],"replies":[{"embeddable":true,"href":"https:\/\/encuentroinformativo.com.mx\/index.php?rest_route=%2Fwp%2Fv2%2Fcomments&post=9663"}],"version-history":[{"count":1,"href":"https:\/\/encuentroinformativo.com.mx\/index.php?rest_route=\/wp\/v2\/posts\/9663\/revisions"}],"predecessor-version":[{"id":9665,"href":"https:\/\/encuentroinformativo.com.mx\/index.php?rest_route=\/wp\/v2\/posts\/9663\/revisions\/9665"}],"wp:featuredmedia":[{"embeddable":true,"href":"https:\/\/encuentroinformativo.com.mx\/index.php?rest_route=\/wp\/v2\/media\/9664"}],"wp:attachment":[{"href":"https:\/\/encuentroinformativo.com.mx\/index.php?rest_route=%2Fwp%2Fv2%2Fmedia&parent=9663"}],"wp:term":[{"taxonomy":"category","embeddable":true,"href":"https:\/\/encuentroinformativo.com.mx\/index.php?rest_route=%2Fwp%2Fv2%2Fcategories&post=9663"},{"taxonomy":"post_tag","embeddable":true,"href":"https:\/\/encuentroinformativo.com.mx\/index.php?rest_route=%2Fwp%2Fv2%2Ftags&post=9663"}],"curies":[{"name":"wp","href":"https:\/\/api.w.org\/{rel}","templated":true}]}}