{"id":9683,"date":"2021-01-04T12:53:15","date_gmt":"2021-01-04T18:53:15","guid":{"rendered":"https:\/\/encuentroinformativo.com.mx\/?p=9683"},"modified":"2021-01-04T12:53:17","modified_gmt":"2021-01-04T18:53:17","slug":"con-predial-ayuntamiento-espera-recaudar-90-mdp","status":"publish","type":"post","link":"https:\/\/encuentroinformativo.com.mx\/?p=9683","title":{"rendered":"Con predial, Ayuntamiento espera recaudar 90 mdp"},"content":{"rendered":"\n<p><strong>Dar\u00edo Pale <\/strong><\/p>\n\n\n\n<p>Xalapa, Ver.- Sandra Romero, jefa del departamento de recaudaci\u00f3n dio a conocer que aproximadamente\u00a090 millones de pesos son los que espera el Ayuntamiento de Xalapa recaudar por el pago al impuesto al predial y limpia p\u00fablica.<\/p>\n\n\n\n<p>Entrevistada en palacio municipal, se\u00f1al\u00f3 que a partir de \u00e9ste 2 de enero y hasta el 30 de enero, las cajas de la direcci\u00f3n de Ingresos, pago en l\u00ednea y plaza comerciales ser\u00e1 donde las y los ciudadanos puedan realizar su pago anual.<\/p>\n\n\n\n<p>Cabe mencionar que al Ayuntamiento de Xalapa se dieron largas filas, principalmente de personas de la tercera edad y, quienes llegaron a formarse desde las 5 de la ma\u00f1ana, por lo que se\u00a0ha invitado a la poblaci\u00f3n a que haga los pagos en l\u00ednea, pues por contingencia por el virus Sars COV-2 se busca evitar contagios.<\/p>\n\n\n\n<p>\u201cSi tu ves aqu\u00ed en Palacio estamos respetando los protocolos, al exterior se nos est\u00e1 complicando un poco, por que el peat\u00f3n pasa por los bajos, est\u00e1 saliendo el sol (\u2026) todos llegaron muy puntuales\u00a0 hoy en la ma\u00f1ana ya ten\u00edamos alrededor de cien personas, esto est\u00e1 siendo un poquito m\u00e1s complicado en el exterior\u201d, finaliz\u00f3.<\/p>\n","protected":false},"excerpt":{"rendered":"<p>Dar\u00edo Pale Xalapa, Ver.- Sandra Romero, jefa del departamento de recaudaci\u00f3n dio a conocer que aproximadamente\u00a090 millones de pesos son los que espera el Ayuntamiento de Xalapa recaudar por el pago al impuesto al predial y limpia p\u00fablica. Entrevistada en palacio municipal, se\u00f1al\u00f3 que a partir de \u00e9ste 2 de enero y hasta el 30 [&hellip;]<\/p>\n","protected":false},"author":1,"featured_media":9684,"comment_status":"open","ping_status":"open","sticky":false,"template":"","format":"standard","meta":{"_jetpack_memberships_contains_paid_content":false,"footnotes":""},"categories":[3],"tags":[],"class_list":["post-9683","post","type-post","status-publish","format-standard","has-post-thumbnail","hentry","category-xalapa"],"jetpack_featured_media_url":"https:\/\/encuentroinformativo.com.mx\/wp-content\/uploads\/2021\/01\/737BEC94-B020-444D-BBB3-7D4155BA9188.jpeg","jetpack_sharing_enabled":true,"jetpack_likes_enabled":true,"amp_enabled":true,"_links":{"self":[{"href":"https:\/\/encuentroinformativo.com.mx\/index.php?rest_route=\/wp\/v2\/posts\/9683","targetHints":{"allow":["GET"]}}],"collection":[{"href":"https:\/\/encuentroinformativo.com.mx\/index.php?rest_route=\/wp\/v2\/posts"}],"about":[{"href":"https:\/\/encuentroinformativo.com.mx\/index.php?rest_route=\/wp\/v2\/types\/post"}],"author":[{"embeddable":true,"href":"https:\/\/encuentroinformativo.com.mx\/index.php?rest_route=\/wp\/v2\/users\/1"}],"replies":[{"embeddable":true,"href":"https:\/\/encuentroinformativo.com.mx\/index.php?rest_route=%2Fwp%2Fv2%2Fcomments&post=9683"}],"version-history":[{"count":1,"href":"https:\/\/encuentroinformativo.com.mx\/index.php?rest_route=\/wp\/v2\/posts\/9683\/revisions"}],"predecessor-version":[{"id":9685,"href":"https:\/\/encuentroinformativo.com.mx\/index.php?rest_route=\/wp\/v2\/posts\/9683\/revisions\/9685"}],"wp:featuredmedia":[{"embeddable":true,"href":"https:\/\/encuentroinformativo.com.mx\/index.php?rest_route=\/wp\/v2\/media\/9684"}],"wp:attachment":[{"href":"https:\/\/encuentroinformativo.com.mx\/index.php?rest_route=%2Fwp%2Fv2%2Fmedia&parent=9683"}],"wp:term":[{"taxonomy":"category","embeddable":true,"href":"https:\/\/encuentroinformativo.com.mx\/index.php?rest_route=%2Fwp%2Fv2%2Fcategories&post=9683"},{"taxonomy":"post_tag","embeddable":true,"href":"https:\/\/encuentroinformativo.com.mx\/index.php?rest_route=%2Fwp%2Fv2%2Ftags&post=9683"}],"curies":[{"name":"wp","href":"https:\/\/api.w.org\/{rel}","templated":true}]}}