{"id":9686,"date":"2021-01-04T13:17:34","date_gmt":"2021-01-04T19:17:34","guid":{"rendered":"https:\/\/encuentroinformativo.com.mx\/?p=9686"},"modified":"2021-01-04T13:17:36","modified_gmt":"2021-01-04T19:17:36","slug":"ayuntamiento-de-veracruz-pago-mas-de-1-5-mdp-por-robos-e-incendios","status":"publish","type":"post","link":"https:\/\/encuentroinformativo.com.mx\/?p=9686","title":{"rendered":"Ayuntamiento de Veracruz pag\u00f3 m\u00e1s de 1.5 mdp por robos e incendios"},"content":{"rendered":"\n<p><strong>Alejandro \u00c1vila<\/strong><\/p>\n\n\n\n<p>Veracruz, Ver.- El Ayuntamiento de Veracruz inici\u00f3 por segundo a\u00f1o consecutivo el programa \u201cMi Casa, Mi Seguridad\u201d, el cual consiste en un seguro de vivienda contra siniestros, el cual se da autom\u00e1tico al momento de liquidar tu impuesto predial.<\/p>\n\n\n\n<p>Este programa se inici\u00f3 en 2020 por primera vez, y a decir del alcalde Fernando Yunes M\u00e1rquez, se dieron cerca de 100 atenciones durante el a\u00f1o, aclarando adem\u00e1s, que son el \u00fanico municipio en el Estado que realiza esta acci\u00f3n en favor de los ciudadanos que son cumplidos con sus obligaciones.<\/p>\n\n\n\n<p>Este seguro, se detall\u00f3, es exclusivo para casas-habitaci\u00f3n y tiene vigencia desde el d\u00eda del pago, hasta el 31 de diciembre de ese mismo a\u00f1o; as\u00ed, las familias del municipio de Veracruz podr\u00e1n proteger su patrimonio en casos de incendio o robo con violencia en sus hogares.<\/p>\n\n\n\n<p>La cobertura para incendio es de, hasta 20 mil pesos, mientras que de robo con violencia, hasta 15 mil pesos.<\/p>\n\n\n\n<p>\u201cS\u00ed, se cubrieron, sino me equivoco fueron cerca de 100 siniestros los que se acabaron pagando, la verdad no tengo ahorita bien el desglose de cuantos fueron por robo y cuantos por incendio, casi todos por robo, por incendio afortunadamente no muchos, pero es un derecho que tiene la ciudadan\u00eda, se les da la informaci\u00f3n cuando pagan el predial tambi\u00e9n, para que en caso de siniestro de este tipo, pues puedan estar cubiertos y ayudarlos a salir adelante en una situaci\u00f3n compleja\u201d, apunt\u00f3.<\/p>\n\n\n\n<p>Las personas que sufran de un incidente de este tipo, se deben comunicar a los n\u00fameros telef\u00f3nicos que les son proporcionados al momento de pagar su predial, posteriormente ir\u00e1 un ajustador a su vivienda, analiza el caso, para despu\u00e9s comenzar el proceso de pago.<\/p>\n\n\n\n<p>El panista explic\u00f3 que solo se contemplan estos dos beneficios por el momento, ya que son las situaciones m\u00e1s comunes, adem\u00e1s de evitar as\u00ed crear una p\u00f3liza m\u00e1s amplia, aunque de manera alterna se podr\u00eda analizar si m\u00e1s adelante se podr\u00eda contemplar las inundaciones como parte de los siniestros que podr\u00edan ser apoyados econ\u00f3micamente.<\/p>\n","protected":false},"excerpt":{"rendered":"<p>Alejandro \u00c1vila Veracruz, Ver.- El Ayuntamiento de Veracruz inici\u00f3 por segundo a\u00f1o consecutivo el programa \u201cMi Casa, Mi Seguridad\u201d, el cual consiste en un seguro de vivienda contra siniestros, el cual se da autom\u00e1tico al momento de liquidar tu impuesto predial. Este programa se inici\u00f3 en 2020 por primera vez, y a decir del alcalde [&hellip;]<\/p>\n","protected":false},"author":1,"featured_media":9687,"comment_status":"open","ping_status":"open","sticky":false,"template":"","format":"standard","meta":{"_jetpack_memberships_contains_paid_content":false,"footnotes":""},"categories":[2],"tags":[],"class_list":["post-9686","post","type-post","status-publish","format-standard","has-post-thumbnail","hentry","category-estado"],"jetpack_featured_media_url":"https:\/\/encuentroinformativo.com.mx\/wp-content\/uploads\/2021\/01\/3D62268B-FE34-4AB6-844C-5B565E760C67.jpeg","jetpack_sharing_enabled":true,"jetpack_likes_enabled":true,"amp_enabled":true,"_links":{"self":[{"href":"https:\/\/encuentroinformativo.com.mx\/index.php?rest_route=\/wp\/v2\/posts\/9686","targetHints":{"allow":["GET"]}}],"collection":[{"href":"https:\/\/encuentroinformativo.com.mx\/index.php?rest_route=\/wp\/v2\/posts"}],"about":[{"href":"https:\/\/encuentroinformativo.com.mx\/index.php?rest_route=\/wp\/v2\/types\/post"}],"author":[{"embeddable":true,"href":"https:\/\/encuentroinformativo.com.mx\/index.php?rest_route=\/wp\/v2\/users\/1"}],"replies":[{"embeddable":true,"href":"https:\/\/encuentroinformativo.com.mx\/index.php?rest_route=%2Fwp%2Fv2%2Fcomments&post=9686"}],"version-history":[{"count":1,"href":"https:\/\/encuentroinformativo.com.mx\/index.php?rest_route=\/wp\/v2\/posts\/9686\/revisions"}],"predecessor-version":[{"id":9688,"href":"https:\/\/encuentroinformativo.com.mx\/index.php?rest_route=\/wp\/v2\/posts\/9686\/revisions\/9688"}],"wp:featuredmedia":[{"embeddable":true,"href":"https:\/\/encuentroinformativo.com.mx\/index.php?rest_route=\/wp\/v2\/media\/9687"}],"wp:attachment":[{"href":"https:\/\/encuentroinformativo.com.mx\/index.php?rest_route=%2Fwp%2Fv2%2Fmedia&parent=9686"}],"wp:term":[{"taxonomy":"category","embeddable":true,"href":"https:\/\/encuentroinformativo.com.mx\/index.php?rest_route=%2Fwp%2Fv2%2Fcategories&post=9686"},{"taxonomy":"post_tag","embeddable":true,"href":"https:\/\/encuentroinformativo.com.mx\/index.php?rest_route=%2Fwp%2Fv2%2Ftags&post=9686"}],"curies":[{"name":"wp","href":"https:\/\/api.w.org\/{rel}","templated":true}]}}