{"id":9689,"date":"2021-01-04T13:22:08","date_gmt":"2021-01-04T19:22:08","guid":{"rendered":"https:\/\/encuentroinformativo.com.mx\/?p=9689"},"modified":"2021-01-04T13:22:38","modified_gmt":"2021-01-04T19:22:38","slug":"le-recortan-a-municipio-de-veracruz-125-mdp","status":"publish","type":"post","link":"https:\/\/encuentroinformativo.com.mx\/?p=9689","title":{"rendered":"Le recortan a municipio de Veracruz 125 mdp"},"content":{"rendered":"\n<p><strong>Alejandro \u00c1vila<\/strong><\/p>\n\n\n\n<p>Veracruz, Ver.- Para este 2021, la Ley de Ingresos le aprob\u00f3 al Ayuntamiento de Veracruz, 125 millones de pesos menos con respecto a lo entregado el a\u00f1o anterior, por lo que solo podr\u00e1 ejercer cerca de 2 100 millones para obras y acciones en la ciudad.<\/p>\n\n\n\n<p>El alcalde Fernando Yunes M\u00e1rquez, dijo en entrevista que si bien lo que se recaude del impuesto predial 2021 no cubrir\u00e1 en su totalidad esta baja en el presupuesto, si la ciudadan\u00eda cumple con su obligaci\u00f3n, se podr\u00e1 mitigar un poco el hueco financiero que les deja el Gobierno Federal.<\/p>\n\n\n\n<p>\u201cNo llega para un rubro espec\u00edfico, en realidad puede ser para gasto corriente, para obras, para acciones, entonces nosotros lo que hacemos, vamos a hacer una reingenier\u00eda a lo largo del a\u00f1o para ir ahorrando de diferentes rubros, para poder cumplir con esta meta (\u2026) estamos hablando de 2 100, eran 2 225\u201d, declar\u00f3.<\/p>\n\n\n\n<p>Puntualiz\u00f3 que si bien se buscara continuar ahorrando en diversos departamentos municipales, a lo \u00fanico que no se la har\u00e1 un recorte durante este \u00faltimo a\u00f1o de su administraci\u00f3n, como lo ha priorizado en los primeros tres, es en obra p\u00fablica y programas sociales.<\/p>\n\n\n\n<p>Este lunes 4 de enero, present\u00f3 el programa de pago de impuesto predial, donde dijo se estima puedan recabar cerca de 100 millones de pesos, e inst\u00f3 a los ciudadanos a aprovechar las herramientas tecnol\u00f3gicas como el Internet, para hacer sus pagos en l\u00ednea en la p\u00e1gina del Ayuntamiento, www.veracruzmunicipio.gob.mx<\/p>\n\n\n\n<p>En ese sentido, el edil panista reconoci\u00f3 que no ha habido un incremento en el pago del impuesto predial, si bien ellos han priorizado no aumentar costos, sobre todo por la pandemia de COVID-19, b\u00e1sicamente las personas que hacen su pago son las mismas de cada a\u00f1o.<\/p>\n\n\n\n<p>\u201cLa verdad que muy similar, no podemos decir que pague mucha m\u00e1s gente, s\u00ed hemos cumplido nuestras metas de recaudaci\u00f3n, pero son montos muy similares a lo que se pagaba en a\u00f1os anteriores, esa es la realidad. Ojal\u00e1 vi\u00e9ramos mayor participaci\u00f3n\u201d, asest\u00f3.<\/p>\n","protected":false},"excerpt":{"rendered":"<p>Alejandro \u00c1vila Veracruz, Ver.- Para este 2021, la Ley de Ingresos le aprob\u00f3 al Ayuntamiento de Veracruz, 125 millones de pesos menos con respecto a lo entregado el a\u00f1o anterior, por lo que solo podr\u00e1 ejercer cerca de 2 100 millones para obras y acciones en la ciudad. El alcalde Fernando Yunes M\u00e1rquez, dijo en [&hellip;]<\/p>\n","protected":false},"author":1,"featured_media":9690,"comment_status":"open","ping_status":"open","sticky":false,"template":"","format":"standard","meta":{"_jetpack_memberships_contains_paid_content":false,"footnotes":""},"categories":[2],"tags":[],"class_list":["post-9689","post","type-post","status-publish","format-standard","has-post-thumbnail","hentry","category-estado"],"jetpack_featured_media_url":"https:\/\/encuentroinformativo.com.mx\/wp-content\/uploads\/2021\/01\/0431266B-722B-4F81-A61A-4606A61A83FE.jpeg","jetpack_sharing_enabled":true,"jetpack_likes_enabled":true,"amp_enabled":true,"_links":{"self":[{"href":"https:\/\/encuentroinformativo.com.mx\/index.php?rest_route=\/wp\/v2\/posts\/9689","targetHints":{"allow":["GET"]}}],"collection":[{"href":"https:\/\/encuentroinformativo.com.mx\/index.php?rest_route=\/wp\/v2\/posts"}],"about":[{"href":"https:\/\/encuentroinformativo.com.mx\/index.php?rest_route=\/wp\/v2\/types\/post"}],"author":[{"embeddable":true,"href":"https:\/\/encuentroinformativo.com.mx\/index.php?rest_route=\/wp\/v2\/users\/1"}],"replies":[{"embeddable":true,"href":"https:\/\/encuentroinformativo.com.mx\/index.php?rest_route=%2Fwp%2Fv2%2Fcomments&post=9689"}],"version-history":[{"count":1,"href":"https:\/\/encuentroinformativo.com.mx\/index.php?rest_route=\/wp\/v2\/posts\/9689\/revisions"}],"predecessor-version":[{"id":9691,"href":"https:\/\/encuentroinformativo.com.mx\/index.php?rest_route=\/wp\/v2\/posts\/9689\/revisions\/9691"}],"wp:featuredmedia":[{"embeddable":true,"href":"https:\/\/encuentroinformativo.com.mx\/index.php?rest_route=\/wp\/v2\/media\/9690"}],"wp:attachment":[{"href":"https:\/\/encuentroinformativo.com.mx\/index.php?rest_route=%2Fwp%2Fv2%2Fmedia&parent=9689"}],"wp:term":[{"taxonomy":"category","embeddable":true,"href":"https:\/\/encuentroinformativo.com.mx\/index.php?rest_route=%2Fwp%2Fv2%2Fcategories&post=9689"},{"taxonomy":"post_tag","embeddable":true,"href":"https:\/\/encuentroinformativo.com.mx\/index.php?rest_route=%2Fwp%2Fv2%2Ftags&post=9689"}],"curies":[{"name":"wp","href":"https:\/\/api.w.org\/{rel}","templated":true}]}}