{"id":9713,"date":"2021-01-05T12:57:53","date_gmt":"2021-01-05T18:57:53","guid":{"rendered":"https:\/\/encuentroinformativo.com.mx\/?p=9713"},"modified":"2021-01-05T12:57:55","modified_gmt":"2021-01-05T18:57:55","slug":"incremento-cartera-vencida-en-cmas-de-coatepec","status":"publish","type":"post","link":"https:\/\/encuentroinformativo.com.mx\/?p=9713","title":{"rendered":"Increment\u00f3 cartera vencida en CMAS de Coatepec"},"content":{"rendered":"\n<p><strong>Juan Arcos <\/strong><\/p>\n\n\n\n<p>Coatepec, Ver.- A causa de la pandemia, el a\u00f1o pasado increment\u00f3 40 por ciento la cartera vencida de la Comisi\u00f3n Municipal de Agua y Saneamiento de Coatepec (CMAS).<\/p>\n\n\n\n<p>As\u00ed lo dio a conocer el subdirector operativo de CMAS, Enrique Fern\u00e1ndez Hern\u00e1ndez, quien a\u00f1adi\u00f3 que los usuarios dejaron de pagar porque muchos se quedaron sin empleo, debido a la contingencia sanitaria.<\/p>\n\n\n\n<p>\u201cDesgraciadamente nuestra cartera vencida subi\u00f3 un 40 por ciento, cosa que no lo hab\u00edamos contemplado, la gente sufri\u00f3 de escases de trabajo y se reflejaba en un bajo ingreso econ\u00f3mico, esto ocasion\u00f3 que las cuentas aumentaran y la gente dejara de pagar\u201d.<\/p>\n\n\n\n<p>El entrevistado detall\u00f3 que los primeros d\u00edas de confinamiento coincidieron con los meses m\u00e1s calurosos del a\u00f1o lo que ocasion\u00f3 que el consumo de agua llegara al doble en algunos casos.<\/p>\n\n\n\n<p>A\u00f1adi\u00f3 que el incremento en la cartera vencida resulta un golpe muy fuerte a la econom\u00eda de la Comisi\u00f3n Municipal de Agua y Saneamiento de Coatepec.<\/p>\n\n\n\n<p>\u201cPara nosotros fue un golpe muy fuerte en nuestra econom\u00eda ya que esta comisi\u00f3n se administra o subsiste por las aportaciones de los ciudadanos como pagos de sus recibos de agua, cosa que por obvias razones nuestra cartera vencida se fue a la alza\u201d.<\/p>\n\n\n\n<p>Fern\u00e1ndez Hern\u00e1ndez consider\u00f3 que muchos usuarios cumplieron con el pago anual anticipado en el mes de diciembre, situaci\u00f3n que es muy positiva para CMAS.<\/p>\n\n\n\n<p>\u201cAfortunadamente mucha gente acudi\u00f3 a nuestro llamado a pesar de que la oficina estuvo cerrada la gente cada fin de mes iba a pagar, pero la gran mayor\u00eda segu\u00eda confinada, todo esto se prolong\u00f3 hasta estos meses que vuelve el pago anual anticipado y apenas estamos recuperando la cartera vencida que se gener\u00f3 durante todo el a\u00f1o pasado\u201d.<\/p>\n\n\n\n<p>En ese sentido, pidi\u00f3 a los deudores que acudan a las oficinas de CMAS para que se busque una soluci\u00f3n de manera conjunta, con el objetivo de regularizar el servicio.<\/p>\n","protected":false},"excerpt":{"rendered":"<p>Juan Arcos Coatepec, Ver.- A causa de la pandemia, el a\u00f1o pasado increment\u00f3 40 por ciento la cartera vencida de la Comisi\u00f3n Municipal de Agua y Saneamiento de Coatepec (CMAS). As\u00ed lo dio a conocer el subdirector operativo de CMAS, Enrique Fern\u00e1ndez Hern\u00e1ndez, quien a\u00f1adi\u00f3 que los usuarios dejaron de pagar porque muchos se quedaron [&hellip;]<\/p>\n","protected":false},"author":1,"featured_media":9714,"comment_status":"open","ping_status":"open","sticky":false,"template":"","format":"standard","meta":{"_jetpack_memberships_contains_paid_content":false,"footnotes":""},"categories":[8],"tags":[],"class_list":["post-9713","post","type-post","status-publish","format-standard","has-post-thumbnail","hentry","category-region"],"jetpack_featured_media_url":"https:\/\/encuentroinformativo.com.mx\/wp-content\/uploads\/2021\/01\/678FFEC0-BDA7-490F-BBDA-A24937639AD8.jpeg","jetpack_sharing_enabled":true,"jetpack_likes_enabled":true,"amp_enabled":true,"_links":{"self":[{"href":"https:\/\/encuentroinformativo.com.mx\/index.php?rest_route=\/wp\/v2\/posts\/9713","targetHints":{"allow":["GET"]}}],"collection":[{"href":"https:\/\/encuentroinformativo.com.mx\/index.php?rest_route=\/wp\/v2\/posts"}],"about":[{"href":"https:\/\/encuentroinformativo.com.mx\/index.php?rest_route=\/wp\/v2\/types\/post"}],"author":[{"embeddable":true,"href":"https:\/\/encuentroinformativo.com.mx\/index.php?rest_route=\/wp\/v2\/users\/1"}],"replies":[{"embeddable":true,"href":"https:\/\/encuentroinformativo.com.mx\/index.php?rest_route=%2Fwp%2Fv2%2Fcomments&post=9713"}],"version-history":[{"count":1,"href":"https:\/\/encuentroinformativo.com.mx\/index.php?rest_route=\/wp\/v2\/posts\/9713\/revisions"}],"predecessor-version":[{"id":9715,"href":"https:\/\/encuentroinformativo.com.mx\/index.php?rest_route=\/wp\/v2\/posts\/9713\/revisions\/9715"}],"wp:featuredmedia":[{"embeddable":true,"href":"https:\/\/encuentroinformativo.com.mx\/index.php?rest_route=\/wp\/v2\/media\/9714"}],"wp:attachment":[{"href":"https:\/\/encuentroinformativo.com.mx\/index.php?rest_route=%2Fwp%2Fv2%2Fmedia&parent=9713"}],"wp:term":[{"taxonomy":"category","embeddable":true,"href":"https:\/\/encuentroinformativo.com.mx\/index.php?rest_route=%2Fwp%2Fv2%2Fcategories&post=9713"},{"taxonomy":"post_tag","embeddable":true,"href":"https:\/\/encuentroinformativo.com.mx\/index.php?rest_route=%2Fwp%2Fv2%2Ftags&post=9713"}],"curies":[{"name":"wp","href":"https:\/\/api.w.org\/{rel}","templated":true}]}}