{"id":9716,"date":"2021-01-05T13:03:29","date_gmt":"2021-01-05T19:03:29","guid":{"rendered":"https:\/\/encuentroinformativo.com.mx\/?p=9716"},"modified":"2021-01-05T13:03:31","modified_gmt":"2021-01-05T19:03:31","slug":"frente-frio-ingresara-a-territorio-veracruzano-pc","status":"publish","type":"post","link":"https:\/\/encuentroinformativo.com.mx\/?p=9716","title":{"rendered":"Frente fr\u00edo ingresar\u00e1 a territorio veracruzano: PC"},"content":{"rendered":"\n<p><strong>Juan Arcos <\/strong><\/p>\n\n\n\n<p>Xalapa, Ver.- La Secretar\u00eda de Protecci\u00f3n Civil (PC) alert\u00f3 que el Frente Fr\u00edo n\u00famero 25 ingresar\u00e1 al territorio veracruzano y traer\u00e1 consigo lluvias intensas en la zona sur y la regi\u00f3n de los Tuxtlas.<\/p>\n\n\n\n<p>Jos\u00e9 Llanos Arias, coordinador de Fen\u00f3menos Atmosf\u00e9ricos de PC, se\u00f1al\u00f3 que esta situaci\u00f3n ser\u00e1 notoria en la entidad a partir del pr\u00f3ximo jueves 7 de enero.<\/p>\n\n\n\n<p>El meteor\u00f3logo a\u00f1adi\u00f3 que el paso de dicho fen\u00f3meno ocasionar\u00e1 un evento de norte de fuerte intensidad con rachas que alcanzar\u00edan valores de hasta 85 kil\u00f3metros por hora.<\/p>\n\n\n\n<p>\u201cLo que se est\u00e1 observando es que nuevamente incrementar\u00e1 el potencial de lluvias, las m\u00e1s importantes en la zona sur y en lo que se refiere al evento de norte podr\u00eda estar alcanzando rachas m\u00e1ximas entre los 70 a 85 kil\u00f3metros por hora\u201d.<\/p>\n\n\n\n<p>El especialista mencion\u00f3 que los efectos mencionados ser\u00e1n m\u00e1s intensos en la zona costera, donde se prev\u00e9 que haya oleaje elevado.<\/p>\n\n\n\n<p>Llanos Arias detall\u00f3 que se sentir\u00e1 un marcado descenso de temperatura en todo el estado y para el viernes se estar\u00edan registrando los valores m\u00e1s intensos sin descartar heladas y cencelladas en la zona monta\u00f1osa.<\/p>\n\n\n\n<p>Cabe mencionar que el fin de semana, sobre todo durante el d\u00eda domingo, tambi\u00e9n se prev\u00e9 el ingreso del Frente Fr\u00edo n\u00famero 26 con otro evento de norte asociado.<\/p>\n","protected":false},"excerpt":{"rendered":"<p>Juan Arcos Xalapa, Ver.- La Secretar\u00eda de Protecci\u00f3n Civil (PC) alert\u00f3 que el Frente Fr\u00edo n\u00famero 25 ingresar\u00e1 al territorio veracruzano y traer\u00e1 consigo lluvias intensas en la zona sur y la regi\u00f3n de los Tuxtlas. Jos\u00e9 Llanos Arias, coordinador de Fen\u00f3menos Atmosf\u00e9ricos de PC, se\u00f1al\u00f3 que esta situaci\u00f3n ser\u00e1 notoria en la entidad a [&hellip;]<\/p>\n","protected":false},"author":1,"featured_media":9717,"comment_status":"open","ping_status":"open","sticky":false,"template":"","format":"standard","meta":{"_jetpack_memberships_contains_paid_content":false,"footnotes":""},"categories":[2],"tags":[],"class_list":["post-9716","post","type-post","status-publish","format-standard","has-post-thumbnail","hentry","category-estado"],"jetpack_featured_media_url":"https:\/\/encuentroinformativo.com.mx\/wp-content\/uploads\/2021\/01\/4FE25B3D-C97B-40B8-8A4E-89651A094052.jpeg","jetpack_sharing_enabled":true,"jetpack_likes_enabled":true,"amp_enabled":true,"_links":{"self":[{"href":"https:\/\/encuentroinformativo.com.mx\/index.php?rest_route=\/wp\/v2\/posts\/9716","targetHints":{"allow":["GET"]}}],"collection":[{"href":"https:\/\/encuentroinformativo.com.mx\/index.php?rest_route=\/wp\/v2\/posts"}],"about":[{"href":"https:\/\/encuentroinformativo.com.mx\/index.php?rest_route=\/wp\/v2\/types\/post"}],"author":[{"embeddable":true,"href":"https:\/\/encuentroinformativo.com.mx\/index.php?rest_route=\/wp\/v2\/users\/1"}],"replies":[{"embeddable":true,"href":"https:\/\/encuentroinformativo.com.mx\/index.php?rest_route=%2Fwp%2Fv2%2Fcomments&post=9716"}],"version-history":[{"count":1,"href":"https:\/\/encuentroinformativo.com.mx\/index.php?rest_route=\/wp\/v2\/posts\/9716\/revisions"}],"predecessor-version":[{"id":9718,"href":"https:\/\/encuentroinformativo.com.mx\/index.php?rest_route=\/wp\/v2\/posts\/9716\/revisions\/9718"}],"wp:featuredmedia":[{"embeddable":true,"href":"https:\/\/encuentroinformativo.com.mx\/index.php?rest_route=\/wp\/v2\/media\/9717"}],"wp:attachment":[{"href":"https:\/\/encuentroinformativo.com.mx\/index.php?rest_route=%2Fwp%2Fv2%2Fmedia&parent=9716"}],"wp:term":[{"taxonomy":"category","embeddable":true,"href":"https:\/\/encuentroinformativo.com.mx\/index.php?rest_route=%2Fwp%2Fv2%2Fcategories&post=9716"},{"taxonomy":"post_tag","embeddable":true,"href":"https:\/\/encuentroinformativo.com.mx\/index.php?rest_route=%2Fwp%2Fv2%2Ftags&post=9716"}],"curies":[{"name":"wp","href":"https:\/\/api.w.org\/{rel}","templated":true}]}}