{"id":9722,"date":"2021-01-05T13:45:09","date_gmt":"2021-01-05T19:45:09","guid":{"rendered":"https:\/\/encuentroinformativo.com.mx\/?p=9722"},"modified":"2021-01-05T13:45:12","modified_gmt":"2021-01-05T19:45:12","slug":"alianza-o-alternativa","status":"publish","type":"post","link":"https:\/\/encuentroinformativo.com.mx\/?p=9722","title":{"rendered":"Alianza o Alternativa"},"content":{"rendered":"\n<p><strong>Los Pol\u00edticos<\/strong><\/p>\n\n\n\n<p><strong>Salvador Mu\u00f1oz<\/strong><\/p>\n\n\n\n<p>Un fen\u00f3meno interesante se est\u00e1 dando en el ciudadano, en el de a pie, en el que perdi\u00f3 su empleo o el que teni\u00e9ndolo en el gobierno, es v\u00edctima de un d\u00e9spota como jefe: en estas pr\u00f3ximas elecciones, no est\u00e1 considerando votar por la Alianza, sino por la Alternativa.<\/p>\n\n\n\n<p>S\u00ed, parece lo mismo, pero no lo es; sin embargo, en Morena ya sintieron pasos en la azotea, tanto, que hasta comerciales anti-Alianza han salido a relucir en aras de denostar al PRI-AN, los dos partidos que concentran la lluvia de misiles que inici\u00f3 el mismo Presidente.<\/p>\n\n\n\n<p>Hay que aclarar que la Alianza vista como una Alternativa por el ciudadano, est\u00e1 latente hasta el momento, no es una certeza\u2026 la probabilidad ha de crecer en cuanto empiecen a sonar los nombres de quienes han de competir por las curules locales y federales as\u00ed como por las alcald\u00edas \u00a1y ojo! porque si Morena lleva buenos candidatos y no hijos de la t\u00f3mbola, el juego se puede nivelar. Recuerden que estas elecciones podemos volver a votar por el candidato, por la persona, y ya no tanto por las siglas o en masa. Mucho si no se aprendi\u00f3 la lecci\u00f3n.<\/p>\n\n\n\n<p>\u00a1Estamos de acuerdo! Hay municipios donde el personaje ya est\u00e1 m\u00e1s que cantado o si no est\u00e1 al cien por ciento, las circunstancias pol\u00edticas, el ambiente al interior de su partido, lo lleva casi de la mano para ponerle el fierro de \u201cCandidato\u201d o \u201cCandidata\u201d.<\/p>\n\n\n\n<p>Un ejemplo de ello puede ser Boca del R\u00edo con Juan Manuel de Unanue, al que no se le ve por ning\u00fan lado competencia dentro de su partido sin pretensi\u00f3n de ser despectivo o minimizar a alguien.<\/p>\n\n\n\n<p>Caso contrario ocurre en el Puerto, donde a Bingen Rementer\u00eda le ponen piedras en el camino lo que de cierto modo, no genera certidumbre en el panismo jarocho, aunque en el ciudadano pareciera no importarles los pleitos caseros.<\/p>\n\n\n\n<p>En Xalapa, la pugna es similar: Sergio Hern\u00e1ndez por un lado; David Velasco, por otro, aunque ac\u00e1 el asunto tiene m\u00e1s hilos que deshebrar\u2026<\/p>\n\n\n\n<p>Hasta donde se sabe, el CEN del PAN que encabeza Marko Cort\u00e9s, dej\u00f3 en claro al dirigente estatal del blanquiazul, Joaqu\u00edn Guzm\u00e1n Avil\u00e9s, que la alianza estatal va con sem\u00e1foro verde pero con algunas aristas:<\/p>\n\n\n\n<p>1.- Se ir\u00e1 en funci\u00f3n de la proporci\u00f3n. Es decir, donde el mayor n\u00famero de votos tenga el PAN, es mano.<\/p>\n\n\n\n<p>2.- Se ir\u00e1 en funci\u00f3n del candidato. Claro que puede haber municipios donde el gobierno panista est\u00e9 desgastado. Es posible que, o lleve un buen candidato del PAN o alguno de la alianza; y el punto m\u00e1s importante:<\/p>\n\n\n\n<p>3.- Ni Tuxpan, Tantoyuca, Veracruz-Boca del R\u00edo y Xalapa estar\u00e1n sujetos a la Alianza; es decir, sus candidatos a la presidencia municipal ser\u00e1n netamente celestes, panistas de sangre azul, \u00a1ah! y decidido por la militancia\u2026 es decir que en el caso del Puerto, Chiquiyunes si quisiera ser candidato a la alcald\u00eda que hoy gobierna su hermano, tendr\u00eda un chance contra Bingen; en el caso de Sergio Hern\u00e1ndez, si acaso se respetara la posici\u00f3n del CEN del PAN, su contrincante m\u00e1s cercano ser\u00eda Omar Miranda Romero\u2026<\/p>\n\n\n\n<p>Lo que s\u00ed es un hecho, es que la Alianza m\u00e1s que uni\u00f3n de fuerzas contra Morena como es visto por los pol\u00edticos, entre los ciudadanos su mejor sin\u00f3nimo bien podr\u00eda ser la Alternativa, misma que a\u00fan es latente en el sentir del elector que bien se puede confirmar con el candidato que se postule para la presidencia municipal, o se enfile a otros partidos que van solos, ya sea por convicci\u00f3n o porque no tienen de otra\u2026<\/p>\n\n\n\n<p>Al final, la Alternancia es el juego de la democracia llevada a su m\u00e1xima expresi\u00f3n, donde todos los partidos pueden tener su pedacito de gloria.<\/p>\n\n\n\n<p><a href=\"mailto:smcainito@gmail.com\" target=\"_blank\" rel=\"noreferrer noopener\">smcainito@gmail.com<\/a><\/p>\n","protected":false},"excerpt":{"rendered":"<p>Los Pol\u00edticos Salvador Mu\u00f1oz Un fen\u00f3meno interesante se est\u00e1 dando en el ciudadano, en el de a pie, en el que perdi\u00f3 su empleo o el que teni\u00e9ndolo en el gobierno, es v\u00edctima de un d\u00e9spota como jefe: en estas pr\u00f3ximas elecciones, no est\u00e1 considerando votar por la Alianza, sino por la Alternativa. S\u00ed, parece [&hellip;]<\/p>\n","protected":false},"author":1,"featured_media":70,"comment_status":"open","ping_status":"open","sticky":false,"template":"","format":"standard","meta":{"_jetpack_memberships_contains_paid_content":false,"footnotes":""},"categories":[11],"tags":[],"class_list":["post-9722","post","type-post","status-publish","format-standard","has-post-thumbnail","hentry","category-opinion"],"jetpack_featured_media_url":"https:\/\/encuentroinformativo.com.mx\/wp-content\/uploads\/2020\/02\/opinion-invitado.jpg","jetpack_sharing_enabled":true,"jetpack_likes_enabled":true,"amp_enabled":true,"_links":{"self":[{"href":"https:\/\/encuentroinformativo.com.mx\/index.php?rest_route=\/wp\/v2\/posts\/9722","targetHints":{"allow":["GET"]}}],"collection":[{"href":"https:\/\/encuentroinformativo.com.mx\/index.php?rest_route=\/wp\/v2\/posts"}],"about":[{"href":"https:\/\/encuentroinformativo.com.mx\/index.php?rest_route=\/wp\/v2\/types\/post"}],"author":[{"embeddable":true,"href":"https:\/\/encuentroinformativo.com.mx\/index.php?rest_route=\/wp\/v2\/users\/1"}],"replies":[{"embeddable":true,"href":"https:\/\/encuentroinformativo.com.mx\/index.php?rest_route=%2Fwp%2Fv2%2Fcomments&post=9722"}],"version-history":[{"count":1,"href":"https:\/\/encuentroinformativo.com.mx\/index.php?rest_route=\/wp\/v2\/posts\/9722\/revisions"}],"predecessor-version":[{"id":9723,"href":"https:\/\/encuentroinformativo.com.mx\/index.php?rest_route=\/wp\/v2\/posts\/9722\/revisions\/9723"}],"wp:featuredmedia":[{"embeddable":true,"href":"https:\/\/encuentroinformativo.com.mx\/index.php?rest_route=\/wp\/v2\/media\/70"}],"wp:attachment":[{"href":"https:\/\/encuentroinformativo.com.mx\/index.php?rest_route=%2Fwp%2Fv2%2Fmedia&parent=9722"}],"wp:term":[{"taxonomy":"category","embeddable":true,"href":"https:\/\/encuentroinformativo.com.mx\/index.php?rest_route=%2Fwp%2Fv2%2Fcategories&post=9722"},{"taxonomy":"post_tag","embeddable":true,"href":"https:\/\/encuentroinformativo.com.mx\/index.php?rest_route=%2Fwp%2Fv2%2Ftags&post=9722"}],"curies":[{"name":"wp","href":"https:\/\/api.w.org\/{rel}","templated":true}]}}