{"id":9724,"date":"2021-01-05T14:05:41","date_gmt":"2021-01-05T20:05:41","guid":{"rendered":"https:\/\/encuentroinformativo.com.mx\/?p=9724"},"modified":"2021-01-05T14:05:43","modified_gmt":"2021-01-05T20:05:43","slug":"para-mayo-vacuna-a-poblacion-en-veracruz","status":"publish","type":"post","link":"https:\/\/encuentroinformativo.com.mx\/?p=9724","title":{"rendered":"Para mayo, vacuna a poblaci\u00f3n en Veracruz"},"content":{"rendered":"\n<p><strong>Juan Arcos <\/strong><\/p>\n\n\n\n<p>Xalapa, Ver.- Ser\u00e1 hasta abril o mayo cuando est\u00e9 disponible la vacuna contra el SARS-COV-2 (COVID-19) para la poblaci\u00f3n en general, en el estado de Veracruz, revel\u00f3 el gobernador Cuitl\u00e1huac Garc\u00eda Jim\u00e9nez.<\/p>\n\n\n\n<p>El mandatario estatal indic\u00f3 que a finales de este mes se concluir\u00e1 la vacunaci\u00f3n de personal m\u00e9dico y enfermer\u00eda en la entidad veracruzana, pues son quienes est\u00e1n en la primera l\u00ednea de batalla contra la pandemia.<\/p>\n\n\n\n<p>En la primera conferencia de prensa de este a\u00f1o, detall\u00f3 que si se logra garantizar el abasto de vacunas durante el primer cuatrimestre y se pasa y mantiene el sem\u00e1foro epidemiol\u00f3gico color verde, los decentes podr\u00edan regresar a las aulas en junio.<\/p>\n\n\n\n<p>Adem\u00e1s, mencion\u00f3 que las maestras y maestros tambi\u00e9n ser\u00e1n vacunados y que el personal m\u00e9dico y de enfermer\u00eda perteneciente al Instituto Mexicano del Seguro Social y de la Secretar\u00e1 de Salud que acudieron a apoyar a la Ciudad de M\u00e9xico en la atenci\u00f3n de pacientes ya fueron vacunados a su llegada.<\/p>\n\n\n\n<p>Garc\u00eda Jim\u00e9nez record\u00f3 que Veracruz se encuentra en sem\u00e1foro amarillo con diez puntos; sin embargo, siguen los contagios de COVID-19 y una tendencia a la alza que pone a la entidad en riesgo de llegar al color naranja nuevamente.<\/p>\n\n\n\n<p>\u201cEst\u00e1n en amarillo pero estamos subiendo, tenemos que tomar decisiones como sociedad, tenemos que hacer una alerta preventiva, quiero dirigirme a la sociedad veracruzana, autoridades locales, todos y todas, si esta tendencia contin\u00faa , aunque nos mantengamos en amarillo, hab\u00edamos comentado que podr\u00edamos llegar a naranja y tenemos que detener esta tendencia, que no lleguemos a la situaci\u00f3n de cierre total de comercios\u201d.<\/p>\n\n\n\n<p>El Gobernador de Veracruz se\u00f1al\u00f3 que se est\u00e1 analizando la posibilidad de una alerta temprana para evitar el crecimiento en los contagios y la propagaci\u00f3n de la enfermedad.<br>A\u00f1adi\u00f3 que esta semana ser\u00e1 determinante e insisti\u00f3 a la sociedad que extreme precauciones para detener la aceleraci\u00f3n de contagios.<\/p>\n\n\n\n<p>\u201cLos ocho municipios que est\u00e1n en rojo deben tomar las medidas, los alcaldes, la jurisdicci\u00f3n sanitaria y se van a agregar cuatro municipios en naranja que est\u00e1n empujando hacia arriba la hospitalizaci\u00f3n, Xalapa, Poza Rica, Veracruz y Orizaba, lo que se dar\u00e1 a conocer el pr\u00f3ximo lunes\u201d, adelant\u00f3.<\/p>\n\n\n\n<p>Mencion\u00f3 que el pr\u00f3ximo 15 de diciembre ser\u00e1n anunciadas las medidas a aplicarse para frenar los contagios.<\/p>\n\n\n\n<p><strong>REDUCCI\u00d3N SALARIAL\u00a0<\/strong><\/p>\n\n\n\n<p>Por otra parte, el Gobernador indic\u00f3 que este a\u00f1o no habr\u00e1 compensaciones ni pagos adicionales a funcionarios de primer nivel del Poder Ejecutivo de Veracruz.<\/p>\n\n\n\n<p>Adem\u00e1s, refiri\u00f3 que el salario autorizado para \u00e9l es de 58 mil pesos y que tambi\u00e9n fue ajustado el salario de sus colaboradores y subsecretarios.<\/p>\n\n\n\n<p>Los secretarios de despacho ganar\u00e1n 56 mil pesos mensuales y 52 mil 320 pesos los subsecretarios de cada dependencia estatal.<br>Dijo que los funcionarios que quieran salir del pa\u00eds deber\u00e1n pagar de su bolsa el boleto de avi\u00f3n y gastos.<\/p>\n\n\n\n<p>Finalmente, afirm\u00f3 que el presupuesto para este a\u00f1o en Veracruz ser\u00e1 de 128 mil 420 millones 684 mil 290 pesos, es decir, mil 114 millones 410 mil 957 pesos menos que el presupuesto 2020.<\/p>\n","protected":false},"excerpt":{"rendered":"<p>Juan Arcos Xalapa, Ver.- Ser\u00e1 hasta abril o mayo cuando est\u00e9 disponible la vacuna contra el SARS-COV-2 (COVID-19) para la poblaci\u00f3n en general, en el estado de Veracruz, revel\u00f3 el gobernador Cuitl\u00e1huac Garc\u00eda Jim\u00e9nez. El mandatario estatal indic\u00f3 que a finales de este mes se concluir\u00e1 la vacunaci\u00f3n de personal m\u00e9dico y enfermer\u00eda en la [&hellip;]<\/p>\n","protected":false},"author":1,"featured_media":9725,"comment_status":"open","ping_status":"open","sticky":false,"template":"","format":"standard","meta":{"_jetpack_memberships_contains_paid_content":false,"footnotes":""},"categories":[9],"tags":[],"class_list":["post-9724","post","type-post","status-publish","format-standard","has-post-thumbnail","hentry","category-salud"],"jetpack_featured_media_url":"https:\/\/encuentroinformativo.com.mx\/wp-content\/uploads\/2021\/01\/03AD9F5F-3808-4A0A-9321-22B95E0CFE90.jpeg","jetpack_sharing_enabled":true,"jetpack_likes_enabled":true,"amp_enabled":true,"_links":{"self":[{"href":"https:\/\/encuentroinformativo.com.mx\/index.php?rest_route=\/wp\/v2\/posts\/9724","targetHints":{"allow":["GET"]}}],"collection":[{"href":"https:\/\/encuentroinformativo.com.mx\/index.php?rest_route=\/wp\/v2\/posts"}],"about":[{"href":"https:\/\/encuentroinformativo.com.mx\/index.php?rest_route=\/wp\/v2\/types\/post"}],"author":[{"embeddable":true,"href":"https:\/\/encuentroinformativo.com.mx\/index.php?rest_route=\/wp\/v2\/users\/1"}],"replies":[{"embeddable":true,"href":"https:\/\/encuentroinformativo.com.mx\/index.php?rest_route=%2Fwp%2Fv2%2Fcomments&post=9724"}],"version-history":[{"count":1,"href":"https:\/\/encuentroinformativo.com.mx\/index.php?rest_route=\/wp\/v2\/posts\/9724\/revisions"}],"predecessor-version":[{"id":9726,"href":"https:\/\/encuentroinformativo.com.mx\/index.php?rest_route=\/wp\/v2\/posts\/9724\/revisions\/9726"}],"wp:featuredmedia":[{"embeddable":true,"href":"https:\/\/encuentroinformativo.com.mx\/index.php?rest_route=\/wp\/v2\/media\/9725"}],"wp:attachment":[{"href":"https:\/\/encuentroinformativo.com.mx\/index.php?rest_route=%2Fwp%2Fv2%2Fmedia&parent=9724"}],"wp:term":[{"taxonomy":"category","embeddable":true,"href":"https:\/\/encuentroinformativo.com.mx\/index.php?rest_route=%2Fwp%2Fv2%2Fcategories&post=9724"},{"taxonomy":"post_tag","embeddable":true,"href":"https:\/\/encuentroinformativo.com.mx\/index.php?rest_route=%2Fwp%2Fv2%2Ftags&post=9724"}],"curies":[{"name":"wp","href":"https:\/\/api.w.org\/{rel}","templated":true}]}}