{"id":9731,"date":"2021-01-05T14:35:38","date_gmt":"2021-01-05T20:35:38","guid":{"rendered":"https:\/\/encuentroinformativo.com.mx\/?p=9731"},"modified":"2021-01-05T14:35:41","modified_gmt":"2021-01-05T20:35:41","slug":"con-reyes-magos-canaco-espera-mejorar-cierre-del-2020","status":"publish","type":"post","link":"https:\/\/encuentroinformativo.com.mx\/?p=9731","title":{"rendered":"Con Reyes Magos, CANACO espera mejorar cierre del 2020"},"content":{"rendered":"\n<p><strong>Alejandro \u00c1vila<\/strong><\/p>\n\n\n\n<p>Veracruz, Ver.- A pesar de que durante la \u00e9poca decembrina se vieron abarrotada plazas comerciales y el centro de la ciudad de Veracruz, las ventas no fueron las esperadas, report\u00f3 la C\u00e1mara Nacional de Comercio de Veracruz \u2013 Boca del R\u00edo.<\/p>\n\n\n\n<p>Su presidente, Jos\u00e9 Antonio Mendoza Garc\u00eda, dijo que los primeros reportes arrojan que solo se logr\u00f3 el 50, quiz\u00e1 el 60 por ciento de lo estimado.<\/p>\n\n\n\n<p>\u201cTodav\u00eda no tenemos el reporte final, sin embargo no es lo que esperamos, no fue en esta ocasi\u00f3n el cierre de a\u00f1o como fue en otras ocasiones, nos quedamos cortos, esperemos que a principio de a\u00f1o haya movimiento, haya inversi\u00f3n, y bueno estamos esperanzados a que se repunte el a\u00f1o en los primeros meses\u201d, subray\u00f3.<\/p>\n\n\n\n<p>El monto que se plantearon como derrama econ\u00f3mica en diciembre del 2020 era de 900 millones de pesos, la cual recoci\u00f3 era muy alta, pero consideraron se podr\u00eda repetir los conseguido durante El Buen Fin.<\/p>\n\n\n\n<p>Ahora, los empresarios est\u00e1n esperando que la venta por el \u201cD\u00eda de Reyes Magos\u201d ayude a mitigar un poco las bajas ventas, donde invirtieron lo \u00faltimo que quedaba de sus ahorros pues ten\u00edan otras expectativas de venta.<\/p>\n\n\n\n<p>El pago de aguinaldos a empleados, fue tambi\u00e9n una situaci\u00f3n que afect\u00f3 a la econom\u00eda de los empresarios, se mencion\u00f3, pues si bien es algo que se tiene contemplado, pues lo marca la ley, a diferencia de otros a\u00f1os, no hab\u00eda arcas rebosantes debido a la pandemia por COVID-19.<\/p>\n\n\n\n<p>Finalmente, expuso que contin\u00faan los operativos municipales y estatales para que los comercios cumplan con las medidas sanitarias que se acordaron, donde forma parte de ellas el C\u00f3digo QR, mismo que se utiliza ya de base en casi todos los establecimientos agremiados a CANACO.<\/p>\n","protected":false},"excerpt":{"rendered":"<p>Alejandro \u00c1vila Veracruz, Ver.- A pesar de que durante la \u00e9poca decembrina se vieron abarrotada plazas comerciales y el centro de la ciudad de Veracruz, las ventas no fueron las esperadas, report\u00f3 la C\u00e1mara Nacional de Comercio de Veracruz \u2013 Boca del R\u00edo. Su presidente, Jos\u00e9 Antonio Mendoza Garc\u00eda, dijo que los primeros reportes arrojan [&hellip;]<\/p>\n","protected":false},"author":1,"featured_media":9732,"comment_status":"open","ping_status":"open","sticky":false,"template":"","format":"standard","meta":{"_jetpack_memberships_contains_paid_content":false,"footnotes":""},"categories":[2],"tags":[],"class_list":["post-9731","post","type-post","status-publish","format-standard","has-post-thumbnail","hentry","category-estado"],"jetpack_featured_media_url":"https:\/\/encuentroinformativo.com.mx\/wp-content\/uploads\/2021\/01\/4528322D-3931-4BBE-B07E-46086C85CAC6.jpeg","jetpack_sharing_enabled":true,"jetpack_likes_enabled":true,"amp_enabled":true,"_links":{"self":[{"href":"https:\/\/encuentroinformativo.com.mx\/index.php?rest_route=\/wp\/v2\/posts\/9731","targetHints":{"allow":["GET"]}}],"collection":[{"href":"https:\/\/encuentroinformativo.com.mx\/index.php?rest_route=\/wp\/v2\/posts"}],"about":[{"href":"https:\/\/encuentroinformativo.com.mx\/index.php?rest_route=\/wp\/v2\/types\/post"}],"author":[{"embeddable":true,"href":"https:\/\/encuentroinformativo.com.mx\/index.php?rest_route=\/wp\/v2\/users\/1"}],"replies":[{"embeddable":true,"href":"https:\/\/encuentroinformativo.com.mx\/index.php?rest_route=%2Fwp%2Fv2%2Fcomments&post=9731"}],"version-history":[{"count":1,"href":"https:\/\/encuentroinformativo.com.mx\/index.php?rest_route=\/wp\/v2\/posts\/9731\/revisions"}],"predecessor-version":[{"id":9733,"href":"https:\/\/encuentroinformativo.com.mx\/index.php?rest_route=\/wp\/v2\/posts\/9731\/revisions\/9733"}],"wp:featuredmedia":[{"embeddable":true,"href":"https:\/\/encuentroinformativo.com.mx\/index.php?rest_route=\/wp\/v2\/media\/9732"}],"wp:attachment":[{"href":"https:\/\/encuentroinformativo.com.mx\/index.php?rest_route=%2Fwp%2Fv2%2Fmedia&parent=9731"}],"wp:term":[{"taxonomy":"category","embeddable":true,"href":"https:\/\/encuentroinformativo.com.mx\/index.php?rest_route=%2Fwp%2Fv2%2Fcategories&post=9731"},{"taxonomy":"post_tag","embeddable":true,"href":"https:\/\/encuentroinformativo.com.mx\/index.php?rest_route=%2Fwp%2Fv2%2Ftags&post=9731"}],"curies":[{"name":"wp","href":"https:\/\/api.w.org\/{rel}","templated":true}]}}