{"id":9737,"date":"2021-01-05T16:35:41","date_gmt":"2021-01-05T22:35:41","guid":{"rendered":"https:\/\/encuentroinformativo.com.mx\/?p=9737"},"modified":"2021-01-05T16:35:44","modified_gmt":"2021-01-05T22:35:44","slug":"no-queremos-candidatos-por-dedazo-ramon-diaz","status":"publish","type":"post","link":"https:\/\/encuentroinformativo.com.mx\/?p=9737","title":{"rendered":"No queremos candidatos por dedazo: Ram\u00f3n D\u00edaz"},"content":{"rendered":"\n<p><strong>Dar\u00edo Pale <\/strong><\/p>\n\n\n\n<p>Xalapa, Ver.- Ram\u00f3n D\u00edaz \u00c1vila Comisionado Pol\u00edtico Nacional del Partido del Trabajo (PT), en Veracruz dio a conocer que espera que en los lugares donde van en coalici\u00f3n con Morena y Partido Verde los candidatos no sean designados por dedazo y se busquen los mejores perfiles para las candidaturas.<\/p>\n\n\n\n<p>Entrevistado en las instalaciones de su partido reiter\u00f3 que existe una resoluci\u00f3n de la comisi\u00f3n ejecutiva estatal en Veracruz donde determinaron participar solos en el pr\u00f3ximo proceso electoral en el estado, pero en lo federal contin\u00faan en alianza en 12 distritos y en los otros 8 donde no estar\u00e1n en la alianza participar\u00e1n solos.<\/p>\n\n\n\n<p>Se\u00f1al\u00f3 que existen aspirantes de Morena y del Verde quienes les solicitan que no se retiren de la alianza y ver en qu\u00e9 municipios o distritos hay condiciones para que puedan participar juntos y tratar de ganar el Congreso en unidad, no tienen ning\u00fan inconveniente siempre y cuando sus candidatos sean bienvenidos y que haya piso parejos en la designaci\u00f3n y que no sea dedazo adem\u00e1s de buscar el mejor perfil para poder ganarle a la alianza del PAN-PRI-PRD.<\/p>\n\n\n\n<p>Hay algunos municipios donde los tres partidos ya han platicado y est\u00e1n de acuerdo en tener un solo candidato y eso les ayudar\u00e1 mucho para llevar a la mesa nacional y tener un mejor resultado.<\/p>\n\n\n\n<p>En cuanto a los actos irregulares que est\u00e1n haciendo los de Morena se\u00f1al\u00f3 que ellos no se meten en la vida interna de otros partido solo les han solicitado s los distritales y a los municipios que valoren si van con Morena y el Verde les ayuda o les perjudica por alguna reacci\u00f3n que pueda existir de alguno de los integrantes o dirigentes de los dos partidos.<\/p>\n\n\n\n<p>Lament\u00f3 que no haya una dirigencia definida en Veracruz y eso los ha retrasado un poco pero conf\u00edan en Mario Delgado para qu\u00e9 nombre un dirigente o a un delegado para poder negociar ya que al no existir una dirigencia hay quienes se auto nombran y existen unos legales y otros no por lo que necesitan que la dirigencia nacional les de una certeza para ver con quien podr\u00e1n dialogar y hacer acuerdos.<\/p>\n\n\n\n<p>Para el PT viene muchos trabajo y seguir\u00e1n constituyendo las comisiones ejecutivas municipales ya llevan 180 municipios constituidos quieren llegar a los 200 antes del proceso electoral lo cual les ayudar\u00eda mucho para la equidad de g\u00e9nero y para integrar planillas.<\/p>\n\n\n\n<p>Finalmente se\u00f1al\u00f3 que en Veracruz tienen una aceptaci\u00f3n del partido y creen que con la suma del partido verde desde la c\u00e1mara ha demostrado que quiere avanzar con la cuarta transformaci\u00f3n y son bienvenidos ya que han echo n\u00fameros y son fr\u00edos y la suma del PRI-PAN-PRD, en algunos municipios si los supera por lo cual es que buscan tener mejores perfiles y la aceptaci\u00f3n de las personas.<\/p>\n","protected":false},"excerpt":{"rendered":"<p>Dar\u00edo Pale Xalapa, Ver.- Ram\u00f3n D\u00edaz \u00c1vila Comisionado Pol\u00edtico Nacional del Partido del Trabajo (PT), en Veracruz dio a conocer que espera que en los lugares donde van en coalici\u00f3n con Morena y Partido Verde los candidatos no sean designados por dedazo y se busquen los mejores perfiles para las candidaturas. Entrevistado en las instalaciones [&hellip;]<\/p>\n","protected":false},"author":1,"featured_media":9738,"comment_status":"open","ping_status":"open","sticky":false,"template":"","format":"standard","meta":{"_jetpack_memberships_contains_paid_content":false,"footnotes":""},"categories":[12],"tags":[],"class_list":["post-9737","post","type-post","status-publish","format-standard","has-post-thumbnail","hentry","category-nacional"],"jetpack_featured_media_url":"https:\/\/encuentroinformativo.com.mx\/wp-content\/uploads\/2021\/01\/6C21EEB8-B961-49CB-91F8-7E5A679BBC9A.jpeg","jetpack_sharing_enabled":true,"jetpack_likes_enabled":true,"amp_enabled":true,"_links":{"self":[{"href":"https:\/\/encuentroinformativo.com.mx\/index.php?rest_route=\/wp\/v2\/posts\/9737","targetHints":{"allow":["GET"]}}],"collection":[{"href":"https:\/\/encuentroinformativo.com.mx\/index.php?rest_route=\/wp\/v2\/posts"}],"about":[{"href":"https:\/\/encuentroinformativo.com.mx\/index.php?rest_route=\/wp\/v2\/types\/post"}],"author":[{"embeddable":true,"href":"https:\/\/encuentroinformativo.com.mx\/index.php?rest_route=\/wp\/v2\/users\/1"}],"replies":[{"embeddable":true,"href":"https:\/\/encuentroinformativo.com.mx\/index.php?rest_route=%2Fwp%2Fv2%2Fcomments&post=9737"}],"version-history":[{"count":1,"href":"https:\/\/encuentroinformativo.com.mx\/index.php?rest_route=\/wp\/v2\/posts\/9737\/revisions"}],"predecessor-version":[{"id":9739,"href":"https:\/\/encuentroinformativo.com.mx\/index.php?rest_route=\/wp\/v2\/posts\/9737\/revisions\/9739"}],"wp:featuredmedia":[{"embeddable":true,"href":"https:\/\/encuentroinformativo.com.mx\/index.php?rest_route=\/wp\/v2\/media\/9738"}],"wp:attachment":[{"href":"https:\/\/encuentroinformativo.com.mx\/index.php?rest_route=%2Fwp%2Fv2%2Fmedia&parent=9737"}],"wp:term":[{"taxonomy":"category","embeddable":true,"href":"https:\/\/encuentroinformativo.com.mx\/index.php?rest_route=%2Fwp%2Fv2%2Fcategories&post=9737"},{"taxonomy":"post_tag","embeddable":true,"href":"https:\/\/encuentroinformativo.com.mx\/index.php?rest_route=%2Fwp%2Fv2%2Ftags&post=9737"}],"curies":[{"name":"wp","href":"https:\/\/api.w.org\/{rel}","templated":true}]}}