{"id":9740,"date":"2021-01-05T17:10:35","date_gmt":"2021-01-05T23:10:35","guid":{"rendered":"https:\/\/encuentroinformativo.com.mx\/?p=9740"},"modified":"2021-01-05T17:10:38","modified_gmt":"2021-01-05T23:10:38","slug":"ante-pandemia-cancelan-evento-masivo-por-dia-de-reyes","status":"publish","type":"post","link":"https:\/\/encuentroinformativo.com.mx\/?p=9740","title":{"rendered":"Ante pandemia cancelan evento masivo por D\u00eda de Reyes"},"content":{"rendered":"\n<p><strong>Alejandro \u00c1vila<\/strong><\/p>\n\n\n\n<p>Veracruz, Ver.- El evento m\u00e1sivo que reun\u00eda a m\u00e1s de 10 mil personas en el &#8220;Parque Ecol\u00f3gico&#8221; de la ciudad de Veracruz, donde se festejaba a ni\u00f1os por el &#8220;D\u00eda de los Reyes Magos&#8221; fue cancelado por el Ayuntamiento de Veracruz, confirm\u00f3 el alcalde Fernando Yunes M\u00e1rquez.<\/p>\n\n\n\n<p>Desde finales de marzo del 2020, la Secretar\u00eda de Salud Federal cancel\u00f3 todo evento m\u00e1sivo, y aunque se esperaba las cosas pudieran cambiar para inicios de 2021, el probable rebrote de la cepa de COVID-19, mantiene a las autoridades sanitarias alertas.<\/p>\n\n\n\n<p>Es por ello que la autoridad municipal de Veracruz decidi\u00f3 cancelar el evento y organizar una nueva forma de ayudar a los Reyes Magos y sus padres, a llevar alg\u00fan regalo a los ni\u00f1os de colonias vulnerables.&nbsp;<\/p>\n\n\n\n<p>&#8220;En este caso los Reyes Magos van a ir colonia por colonia, van a repartir 10 mil juguetes, seg\u00fan lo que nos dijeron los mismos Reyes, en 50 colonias de la ciudad, nos dijeron que no pudieron hacer evento m\u00e1sivo este a\u00f1o por el COVID, pero que s\u00ed van a estar visitando los hogares de los ni\u00f1os veracruzanos que m\u00e1s necesidad tienen y ayudando a sus pap\u00e1s&#8221;, declar\u00f3 el edil panista.<\/p>\n\n\n\n<p>En dicho evento, adem\u00e1s de entrega de bicicletas, pelotas, mu\u00f1ecas, videojuegos, entre otros regalos, se realizaban actividades deportivas gratuitas, hab\u00eda animadoras que pintaban las caras de los ni\u00f1os, se utilizaban inflables, adem\u00e1s se regalan dulces y comida a los presentes, la idea era que disfrutaran una tarde con su familia y amigos.<\/p>\n\n\n\n<p>Los presentes, eran en su mayor\u00eda ni\u00f1os que se encuentran en el registro del DIF Municipal, aunque la entrada estaba abierta a cualquier infante de otra latidud de la ciudad que quisiera participar en las rifas y obtener un obsequio o pasar una entretenida tarde.<\/p>\n","protected":false},"excerpt":{"rendered":"<p>Alejandro \u00c1vila Veracruz, Ver.- El evento m\u00e1sivo que reun\u00eda a m\u00e1s de 10 mil personas en el &#8220;Parque Ecol\u00f3gico&#8221; de la ciudad de Veracruz, donde se festejaba a ni\u00f1os por el &#8220;D\u00eda de los Reyes Magos&#8221; fue cancelado por el Ayuntamiento de Veracruz, confirm\u00f3 el alcalde Fernando Yunes M\u00e1rquez. Desde finales de marzo del 2020, [&hellip;]<\/p>\n","protected":false},"author":1,"featured_media":9741,"comment_status":"open","ping_status":"open","sticky":false,"template":"","format":"standard","meta":{"_jetpack_memberships_contains_paid_content":false,"footnotes":""},"categories":[2],"tags":[],"class_list":["post-9740","post","type-post","status-publish","format-standard","has-post-thumbnail","hentry","category-estado"],"jetpack_featured_media_url":"https:\/\/encuentroinformativo.com.mx\/wp-content\/uploads\/2021\/01\/31B409BA-FFA5-4360-BF0B-70DD3CEC3C76.jpeg","jetpack_sharing_enabled":true,"jetpack_likes_enabled":true,"amp_enabled":true,"_links":{"self":[{"href":"https:\/\/encuentroinformativo.com.mx\/index.php?rest_route=\/wp\/v2\/posts\/9740","targetHints":{"allow":["GET"]}}],"collection":[{"href":"https:\/\/encuentroinformativo.com.mx\/index.php?rest_route=\/wp\/v2\/posts"}],"about":[{"href":"https:\/\/encuentroinformativo.com.mx\/index.php?rest_route=\/wp\/v2\/types\/post"}],"author":[{"embeddable":true,"href":"https:\/\/encuentroinformativo.com.mx\/index.php?rest_route=\/wp\/v2\/users\/1"}],"replies":[{"embeddable":true,"href":"https:\/\/encuentroinformativo.com.mx\/index.php?rest_route=%2Fwp%2Fv2%2Fcomments&post=9740"}],"version-history":[{"count":1,"href":"https:\/\/encuentroinformativo.com.mx\/index.php?rest_route=\/wp\/v2\/posts\/9740\/revisions"}],"predecessor-version":[{"id":9742,"href":"https:\/\/encuentroinformativo.com.mx\/index.php?rest_route=\/wp\/v2\/posts\/9740\/revisions\/9742"}],"wp:featuredmedia":[{"embeddable":true,"href":"https:\/\/encuentroinformativo.com.mx\/index.php?rest_route=\/wp\/v2\/media\/9741"}],"wp:attachment":[{"href":"https:\/\/encuentroinformativo.com.mx\/index.php?rest_route=%2Fwp%2Fv2%2Fmedia&parent=9740"}],"wp:term":[{"taxonomy":"category","embeddable":true,"href":"https:\/\/encuentroinformativo.com.mx\/index.php?rest_route=%2Fwp%2Fv2%2Fcategories&post=9740"},{"taxonomy":"post_tag","embeddable":true,"href":"https:\/\/encuentroinformativo.com.mx\/index.php?rest_route=%2Fwp%2Fv2%2Ftags&post=9740"}],"curies":[{"name":"wp","href":"https:\/\/api.w.org\/{rel}","templated":true}]}}