{"id":9743,"date":"2021-01-05T18:07:47","date_gmt":"2021-01-06T00:07:47","guid":{"rendered":"https:\/\/encuentroinformativo.com.mx\/?p=9743"},"modified":"2021-01-05T18:07:50","modified_gmt":"2021-01-06T00:07:50","slug":"se-suicida-persona-de-la-tercera-edad-en-hotel-del-puerto","status":"publish","type":"post","link":"https:\/\/encuentroinformativo.com.mx\/?p=9743","title":{"rendered":"Se suicida persona de la tercera edad en hotel del Puerto"},"content":{"rendered":"\n<p><strong>Alejandro \u00c1vila<\/strong><\/p>\n\n\n\n<p><strong>Foto: S<\/strong>ergio Aldazaba<\/p>\n\n\n\n<p>Veracruz, Ver.- Una persona aparentemente de la tercera edad se suicido esta tarde en una habitaci\u00f3n del Hotel Arrecife ubicado en la calle Xalapa, esquina con avenida Miguel Alem\u00e1n.<\/p>\n\n\n\n<p>El hombre del cual se desconoce al momento su nombre y lugar de procedencia habr\u00eda tomado esta decisi\u00f3n de quitarse la vida, presuntamente al enterarse que estaba enfermo de COVID-19.<\/p>\n\n\n\n<p>Personal del hotel relat\u00f3 que el sujeto, quien hab\u00eda ingresado al hotel la noche de este lunes, deb\u00eda dejar la habitaci\u00f3n al medio d\u00eda de este martes, sin embargo nunca lo hizo, tras varias llamadas telefonicas al cuarto y no encontrar respuesta, los empleados subieron a la habitaci\u00f3n y al abrir esta, se encontraron con el sujeto colgado dentro de ella.<\/p>\n\n\n\n<p>Los empleados hicieron el reporte al 911, por lo que acudieron elementos de la Secretar\u00eda de Seguridad P\u00fablica abordo de la patrulla 23-2694, quienes hicieron el reporte de lo sucedido y esperaron la llegada de la Polic\u00eda Ministerial, quien levant\u00f3 el cuerpo y lo traslad\u00f3 al Servicio M\u00e9dico Forense, para posteriormente intentar comunicarse con sus familiares.<\/p>\n","protected":false},"excerpt":{"rendered":"<p>Alejandro \u00c1vila Foto: Sergio Aldazaba Veracruz, Ver.- Una persona aparentemente de la tercera edad se suicido esta tarde en una habitaci\u00f3n del Hotel Arrecife ubicado en la calle Xalapa, esquina con avenida Miguel Alem\u00e1n. El hombre del cual se desconoce al momento su nombre y lugar de procedencia habr\u00eda tomado esta decisi\u00f3n de quitarse la [&hellip;]<\/p>\n","protected":false},"author":1,"featured_media":9744,"comment_status":"open","ping_status":"open","sticky":false,"template":"","format":"standard","meta":{"_jetpack_memberships_contains_paid_content":false,"footnotes":""},"categories":[14],"tags":[],"class_list":["post-9743","post","type-post","status-publish","format-standard","has-post-thumbnail","hentry","category-policiaca"],"jetpack_featured_media_url":"https:\/\/encuentroinformativo.com.mx\/wp-content\/uploads\/2021\/01\/05B15142-54BF-42E3-B43F-339A0CE5A4EA.jpeg","jetpack_sharing_enabled":true,"jetpack_likes_enabled":true,"amp_enabled":true,"_links":{"self":[{"href":"https:\/\/encuentroinformativo.com.mx\/index.php?rest_route=\/wp\/v2\/posts\/9743","targetHints":{"allow":["GET"]}}],"collection":[{"href":"https:\/\/encuentroinformativo.com.mx\/index.php?rest_route=\/wp\/v2\/posts"}],"about":[{"href":"https:\/\/encuentroinformativo.com.mx\/index.php?rest_route=\/wp\/v2\/types\/post"}],"author":[{"embeddable":true,"href":"https:\/\/encuentroinformativo.com.mx\/index.php?rest_route=\/wp\/v2\/users\/1"}],"replies":[{"embeddable":true,"href":"https:\/\/encuentroinformativo.com.mx\/index.php?rest_route=%2Fwp%2Fv2%2Fcomments&post=9743"}],"version-history":[{"count":1,"href":"https:\/\/encuentroinformativo.com.mx\/index.php?rest_route=\/wp\/v2\/posts\/9743\/revisions"}],"predecessor-version":[{"id":9745,"href":"https:\/\/encuentroinformativo.com.mx\/index.php?rest_route=\/wp\/v2\/posts\/9743\/revisions\/9745"}],"wp:featuredmedia":[{"embeddable":true,"href":"https:\/\/encuentroinformativo.com.mx\/index.php?rest_route=\/wp\/v2\/media\/9744"}],"wp:attachment":[{"href":"https:\/\/encuentroinformativo.com.mx\/index.php?rest_route=%2Fwp%2Fv2%2Fmedia&parent=9743"}],"wp:term":[{"taxonomy":"category","embeddable":true,"href":"https:\/\/encuentroinformativo.com.mx\/index.php?rest_route=%2Fwp%2Fv2%2Fcategories&post=9743"},{"taxonomy":"post_tag","embeddable":true,"href":"https:\/\/encuentroinformativo.com.mx\/index.php?rest_route=%2Fwp%2Fv2%2Ftags&post=9743"}],"curies":[{"name":"wp","href":"https:\/\/api.w.org\/{rel}","templated":true}]}}