{"id":9754,"date":"2021-01-06T09:53:12","date_gmt":"2021-01-06T15:53:12","guid":{"rendered":"https:\/\/encuentroinformativo.com.mx\/?p=9754"},"modified":"2021-01-06T09:53:15","modified_gmt":"2021-01-06T15:53:15","slug":"coatepec-listo","status":"publish","type":"post","link":"https:\/\/encuentroinformativo.com.mx\/?p=9754","title":{"rendered":"\u00a1Coatepec, listo!"},"content":{"rendered":"\n<p><strong>Los Pol\u00edticos<\/strong><\/p>\n\n\n\n<p><strong>Salvador Mu\u00f1oz<\/strong><\/p>\n\n\n\n<p>Pocos municipios y distritos pudieran estar tan cantados con sus respectivos candidatos como lo es Coatepec\u2026 en otros, se menciona a los m\u00e1s de dos que ri\u00f1en por la alcald\u00eda mientras que por las curules, sean federal o local, ni siquiera se piensan, citan o se acuerdan de ellas.<\/p>\n\n\n\n<p>En Xalapa, por ejemplo, hay una ri\u00f1a interna muy interesante por la alcald\u00eda, donde si el PAN tiene dos aspirantes en las figuras de Sergio Hern\u00e1ndez y David Velasco, el PRD no se queda atr\u00e1s y pone a dos economistas, con sangre de halc\u00f3n, en las personas de Cuauht\u00e9moc Vel\u00e1zquez y Ra\u00fal Arias Lovillo (como una alzada de mano del Sol Azteca para decirle al Chapito: \u201cSi no te pones de acuerdo con tus dos propuestas, ac\u00e1 tengo las m\u00edas\u201d)&#8230; nom\u00e1s falta que el PRI igual dijera: \u201c\u00a1Hey, trankis! porque yo tengo a Charly Aceves y si me apuran, hasta a Am\u00e9rico\u201d.<\/p>\n\n\n\n<p>Lo que s\u00ed ya es seguro, es que Omar Miranda se la ha de rifar por una curul local\u2026 y si bien, ambas han de ser del PAN, de acuerdo a lo \u00faltimo que se sabe al interior de este partido, es que a\u00fan no deciden la otra curul\u2026 los panistas est\u00e1n reclamando sus espacios.<\/p>\n\n\n\n<p>Pero regresando a Coatepec, es Morena el que ya puede hablar de cuasi-candidatos en las personas de Adri\u00e1n Gonz\u00e1lez Naveda, Arely Bonilla P\u00e9rez y Raymundo Andrade, por las curules federal, local y presidencia municipal, respectivamente.<\/p>\n\n\n\n<p>La tercia citada es la oportunidad de ir por todas las canicas en este municipio que hoy gobierna el PAN. Recuerden que sus distritos est\u00e1n en manos de Morena.&nbsp;<\/p>\n\n\n\n<p>Ahora, habr\u00e1 que pensar cu\u00e1l fue la raz\u00f3n para que el PAN, siendo cabecera, haya cedido al PRI la curul federal, aun cuando una de sus cartas fuertes, Everardo Soto Matla, estaba m\u00e1s que puesto, con estructura y todo, para ir por ella.<\/p>\n\n\n\n<p>A\u00fan m\u00e1s interesante: Si el PAN decidiera la candidatura por la curul local para Enrique Fern\u00e1ndez Peredo, se podr\u00eda suscitar un encontronazo marca diablo entre el actual alcalde y la s\u00edndica Arely P\u00e9rez Bonilla\u2026<\/p>\n\n\n\n<p>S\u00ed, puede parecer un caso extraordinario pero es f\u00e1cil de entender: Arely Bonilla no es panista, es m\u00e1s, la pongo m\u00e1s f\u00e1cil: no milita en partido alguno. \u00bfY c\u00f3mo aparece entonces en la sindicatura? Sencillo: el PAN requer\u00eda de una figura que reforzara en Coatepec la candidatura de Fern\u00e1ndez Peredo y qui\u00e9n mejor que una ciudadana conocida no s\u00f3lo por su apellido, sino tambi\u00e9n por su labor social v\u00eda la asociaci\u00f3n civil Asistencia, Bienestar y Progreso.<\/p>\n\n\n\n<p>Es ah\u00ed donde entra la figura de Arely. Morena sabe (en serio, creemos y apostamos que sabe o tiene una idea al respecto) que ninguna elecci\u00f3n es igual a otra, y que el efecto AMLO no tendr\u00e1 el mismo efecto (valga la rebuznancia) que hace dos a\u00f1os. Por eso, ha de apostar sus candidaturas en un equilibrio entre militantes y ciudadanos porque se trata de que todos los factores sumen\u2026 \u00a1vamos! No hay nada extraordinario en lo que se dice, por eso la Alianza PAN-PRD-PRI\u2026<\/p>\n\n\n\n<p>Si bien, el hecho de que la tercia Naveda, Arely y Raymundo est\u00e9 m\u00e1s que cantada puede tener sus pros pero tambi\u00e9n sus contras.<\/p>\n\n\n\n<p>El Pro est\u00e1 en que ya conformados, pueden ir planeando con m\u00e1s calma los amarres pol\u00edticos y ciudadanos para irle ganando tiempo al tiempo\u2026<\/p>\n\n\n\n<p>La Contra, en que sus contrincantes (externos e internos, no hay que descartar a los de casa) pueden desde este momento lanzar misiles en aras de apagarlos, cosa que tampoco les es ajena a Naveda, Arely y Raymundo, que a estas alturas s\u00f3lo les queda aplicar la \u201cNietzchiana\u201d: \u201cLo que no me mata, me hace m\u00e1s fuerte\u201d.<\/p>\n\n\n\n<p><a href=\"mailto:smcainito@gmail.com\" target=\"_blank\" rel=\"noreferrer noopener\">smcainito@gmail.com<\/a><\/p>\n","protected":false},"excerpt":{"rendered":"<p>Los Pol\u00edticos Salvador Mu\u00f1oz Pocos municipios y distritos pudieran estar tan cantados con sus respectivos candidatos como lo es Coatepec\u2026 en otros, se menciona a los m\u00e1s de dos que ri\u00f1en por la alcald\u00eda mientras que por las curules, sean federal o local, ni siquiera se piensan, citan o se acuerdan de ellas. En Xalapa, [&hellip;]<\/p>\n","protected":false},"author":1,"featured_media":70,"comment_status":"open","ping_status":"open","sticky":false,"template":"","format":"standard","meta":{"_jetpack_memberships_contains_paid_content":false,"footnotes":""},"categories":[11],"tags":[],"class_list":["post-9754","post","type-post","status-publish","format-standard","has-post-thumbnail","hentry","category-opinion"],"jetpack_featured_media_url":"https:\/\/encuentroinformativo.com.mx\/wp-content\/uploads\/2020\/02\/opinion-invitado.jpg","jetpack_sharing_enabled":true,"jetpack_likes_enabled":true,"amp_enabled":true,"_links":{"self":[{"href":"https:\/\/encuentroinformativo.com.mx\/index.php?rest_route=\/wp\/v2\/posts\/9754","targetHints":{"allow":["GET"]}}],"collection":[{"href":"https:\/\/encuentroinformativo.com.mx\/index.php?rest_route=\/wp\/v2\/posts"}],"about":[{"href":"https:\/\/encuentroinformativo.com.mx\/index.php?rest_route=\/wp\/v2\/types\/post"}],"author":[{"embeddable":true,"href":"https:\/\/encuentroinformativo.com.mx\/index.php?rest_route=\/wp\/v2\/users\/1"}],"replies":[{"embeddable":true,"href":"https:\/\/encuentroinformativo.com.mx\/index.php?rest_route=%2Fwp%2Fv2%2Fcomments&post=9754"}],"version-history":[{"count":1,"href":"https:\/\/encuentroinformativo.com.mx\/index.php?rest_route=\/wp\/v2\/posts\/9754\/revisions"}],"predecessor-version":[{"id":9755,"href":"https:\/\/encuentroinformativo.com.mx\/index.php?rest_route=\/wp\/v2\/posts\/9754\/revisions\/9755"}],"wp:featuredmedia":[{"embeddable":true,"href":"https:\/\/encuentroinformativo.com.mx\/index.php?rest_route=\/wp\/v2\/media\/70"}],"wp:attachment":[{"href":"https:\/\/encuentroinformativo.com.mx\/index.php?rest_route=%2Fwp%2Fv2%2Fmedia&parent=9754"}],"wp:term":[{"taxonomy":"category","embeddable":true,"href":"https:\/\/encuentroinformativo.com.mx\/index.php?rest_route=%2Fwp%2Fv2%2Fcategories&post=9754"},{"taxonomy":"post_tag","embeddable":true,"href":"https:\/\/encuentroinformativo.com.mx\/index.php?rest_route=%2Fwp%2Fv2%2Ftags&post=9754"}],"curies":[{"name":"wp","href":"https:\/\/api.w.org\/{rel}","templated":true}]}}