{"id":9756,"date":"2021-01-06T09:59:59","date_gmt":"2021-01-06T15:59:59","guid":{"rendered":"https:\/\/encuentroinformativo.com.mx\/?p=9756"},"modified":"2021-01-06T10:00:01","modified_gmt":"2021-01-06T16:00:01","slug":"cosamaloapan-debe-ser-prioridad-en-aplicacion-de-vacunas-demanda-alcalde","status":"publish","type":"post","link":"https:\/\/encuentroinformativo.com.mx\/?p=9756","title":{"rendered":"Cosamaloapan debe ser prioridad en aplicaci\u00f3n de vacunas demanda Alcalde"},"content":{"rendered":"\n<p><strong>Alejandro \u00c1vila<\/strong><\/p>\n\n\n\n<p>Cosamaloapan, Ver.- El alcalde de Cosamaloapan, Ra\u00fal Hermida Salto, a trav\u00e9s de redes sociales, inform\u00f3 que envi\u00f3 una carta al presidente Andr\u00e9s Manuel L\u00f3pez Obrador, donde solicita que el municipio que preside sea prioridad en la vacunaci\u00f3n contra el COVID-19.<\/p>\n\n\n\n<p>El edil panista record\u00f3 que el pasado 21 de julio de 2020, la Secretar\u00eda de Salud a nivel federal coloc\u00f3 a Cosamaloapan como uno de los tres municipios con el mayor n\u00famero de contagios a nivel nacional por cada cien mil habitantes.<\/p>\n\n\n\n<p>En este momento, Cosamaloapan cuenta con 92 casos sospechosos, 892 casos confirmados y 63 defunciones; motivo por se exhorta a que Gobierno Federal entregue un Plan de Vacunaci\u00f3n para Cosamaloapan, con fecha de inicio y finalizaci\u00f3n de aplicaci\u00f3n.<\/p>\n\n\n\n<p>\u201cViendo la oleada que est\u00e1 en los Estados de Jalisco, Michoac\u00e1n, Ciudad de M\u00e9xico, el Estado de M\u00e9xico y municipios ya cercanos al Estado de Veracruz, hice llegar esta carta al presidente de la rep\u00fablica, al igual que al secretario de Salud federal, donde le explico al presidente, al licenciado Andr\u00e9s Manuel L\u00f3pez Obrador, que estamos en la mejor disposici\u00f3n de coadyuvar con ellos, y que necesitamos la vacuna para Cosamaloapan por lo que hemos vivido\u201d, subray\u00f3.<\/p>\n\n\n\n<p>Apunt\u00f3 que de ser necesario, dejar\u00e1n de hacer algunas obras que el gobierno municipal pretend\u00eda realizar en 2021, pues consideran prioritario la salud de los cosamaloape\u00f1os.<\/p>\n\n\n\n<p>\u201cPor eso es que he instruido al \u00e1rea de Finanzas del Ayuntamiento a que analicemos cuales obras materiales podemos dejar de hacer para salvar vidas de cosamaloape\u00f1os; es decir, tener un monto econ\u00f3mico para comprar las vacunas si as\u00ed se requiere, o para la log\u00edstica que se necesitar\u00e1 para implementarlas estas vacunas en todo el municipio de Cosamaloapan\u201d, expres\u00f3.<\/p>\n\n\n\n<p>Cosamaloapan recibe a ciudadanos de otros municipios para diversas atenciones m\u00e9dicas, adem\u00e1s de aquellos con s\u00edntomas de COVID-19, pero a pesar de eso, el presidente municipal, expuso no habr\u00eda mayor problema para coadyuvar en la aplicaci\u00f3n de la vacuna, ya que existe buena coordinaci\u00f3n con el personal de la Jurisdicci\u00f3n Sanitaria, el Hospital Regional, la Cl\u00ednica 35 del IMSS, el ISSSTE, la Guardia Nacional y SEDENA.<\/p>\n","protected":false},"excerpt":{"rendered":"<p>Alejandro \u00c1vila Cosamaloapan, Ver.- El alcalde de Cosamaloapan, Ra\u00fal Hermida Salto, a trav\u00e9s de redes sociales, inform\u00f3 que envi\u00f3 una carta al presidente Andr\u00e9s Manuel L\u00f3pez Obrador, donde solicita que el municipio que preside sea prioridad en la vacunaci\u00f3n contra el COVID-19. El edil panista record\u00f3 que el pasado 21 de julio de 2020, la [&hellip;]<\/p>\n","protected":false},"author":1,"featured_media":9757,"comment_status":"open","ping_status":"open","sticky":false,"template":"","format":"standard","meta":{"_jetpack_memberships_contains_paid_content":false,"footnotes":""},"categories":[2],"tags":[],"class_list":["post-9756","post","type-post","status-publish","format-standard","has-post-thumbnail","hentry","category-estado"],"jetpack_featured_media_url":"https:\/\/encuentroinformativo.com.mx\/wp-content\/uploads\/2021\/01\/130D072F-125C-4D53-9433-87478D4713E0.jpeg","jetpack_sharing_enabled":true,"jetpack_likes_enabled":true,"amp_enabled":true,"_links":{"self":[{"href":"https:\/\/encuentroinformativo.com.mx\/index.php?rest_route=\/wp\/v2\/posts\/9756","targetHints":{"allow":["GET"]}}],"collection":[{"href":"https:\/\/encuentroinformativo.com.mx\/index.php?rest_route=\/wp\/v2\/posts"}],"about":[{"href":"https:\/\/encuentroinformativo.com.mx\/index.php?rest_route=\/wp\/v2\/types\/post"}],"author":[{"embeddable":true,"href":"https:\/\/encuentroinformativo.com.mx\/index.php?rest_route=\/wp\/v2\/users\/1"}],"replies":[{"embeddable":true,"href":"https:\/\/encuentroinformativo.com.mx\/index.php?rest_route=%2Fwp%2Fv2%2Fcomments&post=9756"}],"version-history":[{"count":1,"href":"https:\/\/encuentroinformativo.com.mx\/index.php?rest_route=\/wp\/v2\/posts\/9756\/revisions"}],"predecessor-version":[{"id":9758,"href":"https:\/\/encuentroinformativo.com.mx\/index.php?rest_route=\/wp\/v2\/posts\/9756\/revisions\/9758"}],"wp:featuredmedia":[{"embeddable":true,"href":"https:\/\/encuentroinformativo.com.mx\/index.php?rest_route=\/wp\/v2\/media\/9757"}],"wp:attachment":[{"href":"https:\/\/encuentroinformativo.com.mx\/index.php?rest_route=%2Fwp%2Fv2%2Fmedia&parent=9756"}],"wp:term":[{"taxonomy":"category","embeddable":true,"href":"https:\/\/encuentroinformativo.com.mx\/index.php?rest_route=%2Fwp%2Fv2%2Fcategories&post=9756"},{"taxonomy":"post_tag","embeddable":true,"href":"https:\/\/encuentroinformativo.com.mx\/index.php?rest_route=%2Fwp%2Fv2%2Ftags&post=9756"}],"curies":[{"name":"wp","href":"https:\/\/api.w.org\/{rel}","templated":true}]}}