{"id":9765,"date":"2021-01-06T13:18:08","date_gmt":"2021-01-06T19:18:08","guid":{"rendered":"https:\/\/encuentroinformativo.com.mx\/?p=9765"},"modified":"2021-01-06T13:18:11","modified_gmt":"2021-01-06T19:18:11","slug":"inicia-una-nueva-decada","status":"publish","type":"post","link":"https:\/\/encuentroinformativo.com.mx\/?p=9765","title":{"rendered":"Inicia una nueva d\u00e9cada\u2026"},"content":{"rendered":"\n<p><strong>Columna de Opini\u00f3n <\/strong><\/p>\n\n\n\n<p><strong>Juan Manuel S\u00e1nchez Mac\u00edas <\/strong><\/p>\n\n\n\n<p>En efecto, el a\u00f1o que inicia marca el derrotero de una nueva d\u00e9cada. Un derrotero que nos lleva a confiar y hasta a ilusionarnos con mejores momentos y oportunidades, para solventar los problemas sociales, pol\u00edticos y econ\u00f3micos, que son la constante en nuestro querido y muy lastimado pa\u00eds.\u00a0<\/p>\n\n\n\n<p>Con la esperanza de la vacuna anti covid, con el deseo de que pronto se recuperen quienes perdieron (y siguen perdiendo) sus trabajos por el cierre de empresas peque\u00f1as y medianas que sucumbieron ante el cierre de muchas actividades econ\u00f3micas.<\/p>\n\n\n\n<p>Con el anhelo de una sociedad m\u00e1s justa, en la que el reparto de los beneficios econ\u00f3micos alcance a los m\u00e1s desprotegidos, ilusion\u00e1ndonos que nuestra econom\u00eda sane lo m\u00e1s que se pueda, para generar mejores oportunidades laborales, sanitarias y educativas.<\/p>\n\n\n\n<p>Pero \u00bfc\u00f3mo obtener todo lo anterior? En mi concepto, son muchas las pautas que se deben seguir para ir logr\u00e1ndolo; pero, considero, que sobresalen dos, que son fundamentales para poder crecer en esos aspectos: El trabajo y la Educaci\u00f3n.<\/p>\n\n\n\n<p>Cuando hablo de trabajo, no s\u00f3lo me refiero al trabajo remunerado, que es el \u00edndice principal en la base de la econom\u00eda, sino al trabajo social, familiar, recreativo y cultural, que tanta falta hacen en toda sociedad que se precie de ser justa y en v\u00edas de progreso. En efecto, hace falta preocuparnos y, ocuparnos, m\u00e1s por nuestros cong\u00e9neres, sobre todo de los m\u00e1s desprotegidos; eso tambi\u00e9n es trabajo, y muy necesario, una cosa es la competencia laboral-capitalista y otra, muy distinta, es ser ego\u00edsta y pasar por encima de los m\u00e1s desprotegidos, como son las comunidades ind\u00edgenas, las mujeres, las personas de la tercera edad, etc. El trabajo familiar implica, desde mi perspectiva, que haya m\u00e1s calidad (no cantidad) de tiempo en la convivencia familiar, vivir juntos no implica estar unidos emocionalmente, tratar de comprender la problem\u00e1tica y alegr\u00edas de cada miembro de la familia y ser emp\u00e1ticos con el entorno familiar. Trabajo recreativo implica que busquemos f\u00f3rmulas para que la mayor\u00eda de nuestras ni\u00f1as y ni\u00f1os tengan espacios f\u00edsicos y mentales, para divertirse y ayudar a un gran sector de la ni\u00f1ez de nuestra sociedad a salir de la marginalidad y la pobreza.<\/p>\n\n\n\n<p>Por \u00faltimo, el trabajo cultural, que va de la mano con la Educaci\u00f3n. Urge que trabajemos, para incrementar el \u00edndice educativo de nuestro pa\u00eds&nbsp;<\/p>\n\n\n\n<p>En el estudio \u201cH\u00e1bitos de Lectura\u201d, elaborado por la OCDE y la UNESCO, elaborado durante la d\u00e9cada que concluy\u00f3, M\u00e9xico se posicion\u00f3 en el puesto 107 de 108 pa\u00edses, con aproximadamente dos libros le\u00eddos anuales por persona.<\/p>\n\n\n\n<p>El 40% de los mexicanos jam\u00e1s ha pisado una librer\u00eda, el 13% nunca ha le\u00eddo un libro y el 70% de los mexicanos lee lo mismo que antes o menos, seg\u00fan cifras de la Encuesta Nacional de Lectura del Conaculta.<\/p>\n\n\n\n<p>S\u00ed queremos que la d\u00e9cada que inicia traiga beneficios para M\u00e9xico, en todos los rubros, es necesario empezar a trabajar en estos aspectos\u2026<\/p>\n","protected":false},"excerpt":{"rendered":"<p>Columna de Opini\u00f3n Juan Manuel S\u00e1nchez Mac\u00edas En efecto, el a\u00f1o que inicia marca el derrotero de una nueva d\u00e9cada. Un derrotero que nos lleva a confiar y hasta a ilusionarnos con mejores momentos y oportunidades, para solventar los problemas sociales, pol\u00edticos y econ\u00f3micos, que son la constante en nuestro querido y muy lastimado pa\u00eds.\u00a0 [&hellip;]<\/p>\n","protected":false},"author":1,"featured_media":70,"comment_status":"open","ping_status":"open","sticky":false,"template":"","format":"standard","meta":{"_jetpack_memberships_contains_paid_content":false,"footnotes":""},"categories":[11],"tags":[],"class_list":["post-9765","post","type-post","status-publish","format-standard","has-post-thumbnail","hentry","category-opinion"],"jetpack_featured_media_url":"https:\/\/encuentroinformativo.com.mx\/wp-content\/uploads\/2020\/02\/opinion-invitado.jpg","jetpack_sharing_enabled":true,"jetpack_likes_enabled":true,"amp_enabled":true,"_links":{"self":[{"href":"https:\/\/encuentroinformativo.com.mx\/index.php?rest_route=\/wp\/v2\/posts\/9765","targetHints":{"allow":["GET"]}}],"collection":[{"href":"https:\/\/encuentroinformativo.com.mx\/index.php?rest_route=\/wp\/v2\/posts"}],"about":[{"href":"https:\/\/encuentroinformativo.com.mx\/index.php?rest_route=\/wp\/v2\/types\/post"}],"author":[{"embeddable":true,"href":"https:\/\/encuentroinformativo.com.mx\/index.php?rest_route=\/wp\/v2\/users\/1"}],"replies":[{"embeddable":true,"href":"https:\/\/encuentroinformativo.com.mx\/index.php?rest_route=%2Fwp%2Fv2%2Fcomments&post=9765"}],"version-history":[{"count":1,"href":"https:\/\/encuentroinformativo.com.mx\/index.php?rest_route=\/wp\/v2\/posts\/9765\/revisions"}],"predecessor-version":[{"id":9766,"href":"https:\/\/encuentroinformativo.com.mx\/index.php?rest_route=\/wp\/v2\/posts\/9765\/revisions\/9766"}],"wp:featuredmedia":[{"embeddable":true,"href":"https:\/\/encuentroinformativo.com.mx\/index.php?rest_route=\/wp\/v2\/media\/70"}],"wp:attachment":[{"href":"https:\/\/encuentroinformativo.com.mx\/index.php?rest_route=%2Fwp%2Fv2%2Fmedia&parent=9765"}],"wp:term":[{"taxonomy":"category","embeddable":true,"href":"https:\/\/encuentroinformativo.com.mx\/index.php?rest_route=%2Fwp%2Fv2%2Fcategories&post=9765"},{"taxonomy":"post_tag","embeddable":true,"href":"https:\/\/encuentroinformativo.com.mx\/index.php?rest_route=%2Fwp%2Fv2%2Ftags&post=9765"}],"curies":[{"name":"wp","href":"https:\/\/api.w.org\/{rel}","templated":true}]}}