{"id":9770,"date":"2021-01-06T14:24:01","date_gmt":"2021-01-06T20:24:01","guid":{"rendered":"https:\/\/encuentroinformativo.com.mx\/?p=9770"},"modified":"2021-01-06T14:24:04","modified_gmt":"2021-01-06T20:24:04","slug":"crisis-desplomo-ventas-de-juguetes-artesanales","status":"publish","type":"post","link":"https:\/\/encuentroinformativo.com.mx\/?p=9770","title":{"rendered":"Crisis desplom\u00f3 ventas de juguetes artesanales"},"content":{"rendered":"\n<p><strong>Juan Arcos <\/strong><\/p>\n\n\n\n<p>Xalapa, Ver.- La venta de juguetes artesanales baj\u00f3 30 por ciento, debido a la crisis econ\u00f3mica derivada de la pandemia del SARS-COV-2 (COVID-19).<\/p>\n\n\n\n<p>As\u00ed lo dieron a conocer expositores de la Feria del Juguete, ubicada en el Centro Deportivo Ferrocarrilero, cerca del mercado Los Sauces.<\/p>\n\n\n\n<p>De acuerdo con Francisco P\u00e9rez P\u00e9rez, comerciante de juguetes de madera fabricados en Michoac\u00e1n y el Estado de M\u00e9xico, la p\u00e9rdida de empleos por la contingencia sanitaria se vio reflejada este D\u00eda de los Santos Reyes Magos.<\/p>\n\n\n\n<p>El entrevistado coment\u00f3 que los vendedores tuvieron que bajar sus precios e, incluso, rematar algunos juguetes para poder comercializar su mercanc\u00eda.<\/p>\n\n\n\n<p>\u201cNuestros precios est\u00e1n enfocados tambi\u00e9n para ayudar a m\u00e1s personas. Si ponemos precios bajos y la gente los ve accesibles, a nosotros tambi\u00e9n nos compran. S\u00ed usamos mucha propaganda en la feria del juguete\u201d.<\/p>\n\n\n\n<p>El vendedor de yoyos, trompos, baleros, camiones, aviones y dem\u00e1s juguetes de madera invirti\u00f3 en un sistema para el cobro con tarjeta de d\u00e9bito o cr\u00e9dito, para facilitar el pago a sus clientes.<\/p>\n\n\n\n<p>Francisco es originario del Estado de M\u00e9xico y cada a\u00f1o se prepara junto con su familia para tener ganancias econ\u00f3micas importantes en la Feria del Juguete, realizada del 23 de diciembre al 6 de enero.<\/p>\n\n\n\n<p>Mencion\u00f3 que el d\u00eda 5 de enero com\u00fanmente registra la mayor cantidad de ventas; sin embargo, en esta ocasi\u00f3n fueron menores en los tres puestos de sus familiares.\u00a0<\/p>\n\n\n\n<p>Francisco P\u00e9rez indic\u00f3 que este D\u00eda de Reyes continuar\u00e1 la venta de juguetes en dicha feria hasta la tarde noche, donde com\u00fanmente acuden parientes secundarios, como padrinos, para llevar un regalo a su ahijado.<\/p>\n\n\n\n<p>Aunque fueron aplicadas medidas sanitarias para ingresar a la feria, fue notoria la aglomeraci\u00f3n de personas durante la noche del 5 de enero.<\/p>\n","protected":false},"excerpt":{"rendered":"<p>Juan Arcos Xalapa, Ver.- La venta de juguetes artesanales baj\u00f3 30 por ciento, debido a la crisis econ\u00f3mica derivada de la pandemia del SARS-COV-2 (COVID-19). As\u00ed lo dieron a conocer expositores de la Feria del Juguete, ubicada en el Centro Deportivo Ferrocarrilero, cerca del mercado Los Sauces. De acuerdo con Francisco P\u00e9rez P\u00e9rez, comerciante de [&hellip;]<\/p>\n","protected":false},"author":1,"featured_media":9771,"comment_status":"open","ping_status":"open","sticky":false,"template":"","format":"standard","meta":{"_jetpack_memberships_contains_paid_content":false,"footnotes":""},"categories":[3],"tags":[],"class_list":["post-9770","post","type-post","status-publish","format-standard","has-post-thumbnail","hentry","category-xalapa"],"jetpack_featured_media_url":"https:\/\/encuentroinformativo.com.mx\/wp-content\/uploads\/2021\/01\/0B886F68-C737-4689-8D4C-3F80CD6761D4.jpeg","jetpack_sharing_enabled":true,"jetpack_likes_enabled":true,"amp_enabled":true,"_links":{"self":[{"href":"https:\/\/encuentroinformativo.com.mx\/index.php?rest_route=\/wp\/v2\/posts\/9770","targetHints":{"allow":["GET"]}}],"collection":[{"href":"https:\/\/encuentroinformativo.com.mx\/index.php?rest_route=\/wp\/v2\/posts"}],"about":[{"href":"https:\/\/encuentroinformativo.com.mx\/index.php?rest_route=\/wp\/v2\/types\/post"}],"author":[{"embeddable":true,"href":"https:\/\/encuentroinformativo.com.mx\/index.php?rest_route=\/wp\/v2\/users\/1"}],"replies":[{"embeddable":true,"href":"https:\/\/encuentroinformativo.com.mx\/index.php?rest_route=%2Fwp%2Fv2%2Fcomments&post=9770"}],"version-history":[{"count":1,"href":"https:\/\/encuentroinformativo.com.mx\/index.php?rest_route=\/wp\/v2\/posts\/9770\/revisions"}],"predecessor-version":[{"id":9772,"href":"https:\/\/encuentroinformativo.com.mx\/index.php?rest_route=\/wp\/v2\/posts\/9770\/revisions\/9772"}],"wp:featuredmedia":[{"embeddable":true,"href":"https:\/\/encuentroinformativo.com.mx\/index.php?rest_route=\/wp\/v2\/media\/9771"}],"wp:attachment":[{"href":"https:\/\/encuentroinformativo.com.mx\/index.php?rest_route=%2Fwp%2Fv2%2Fmedia&parent=9770"}],"wp:term":[{"taxonomy":"category","embeddable":true,"href":"https:\/\/encuentroinformativo.com.mx\/index.php?rest_route=%2Fwp%2Fv2%2Fcategories&post=9770"},{"taxonomy":"post_tag","embeddable":true,"href":"https:\/\/encuentroinformativo.com.mx\/index.php?rest_route=%2Fwp%2Fv2%2Ftags&post=9770"}],"curies":[{"name":"wp","href":"https:\/\/api.w.org\/{rel}","templated":true}]}}