{"id":9775,"date":"2021-01-06T15:05:47","date_gmt":"2021-01-06T21:05:47","guid":{"rendered":"https:\/\/encuentroinformativo.com.mx\/?p=9775"},"modified":"2021-01-06T15:05:50","modified_gmt":"2021-01-06T21:05:50","slug":"argentino-acusa-ser-victima-de-policias-estatales","status":"publish","type":"post","link":"https:\/\/encuentroinformativo.com.mx\/?p=9775","title":{"rendered":"Argentino acusa ser v\u00edctima de polic\u00edas estatales"},"content":{"rendered":"\n<p><strong>Juan Arcos <\/strong><\/p>\n\n\n\n<p>Xalapa, Ver.- Claudio Nicol\u00e1s Ojeda, oriundo de Buenos Aires, Argentina, denunci\u00f3 que fue golpeado y v\u00edctima de robo por parte de elementos de la Secretar\u00eda de Seguridad P\u00fablica (SSP) y del Instituto de la Polic\u00eda Auxiliar y Protecci\u00f3n Patrimonial para el Estado de Veracruz (IPAX).<\/p>\n\n\n\n<p>El entrevistado record\u00f3 que los hechos ocurrieron el pasado 27 de diciembre a las 04:50 de la madrugada en la Central de Autobuses de Xalapa (CAXA).<\/p>\n\n\n\n<p>El extranjero fue detenido por los elementos de seguridad, trasladado al cuartel Heriberto Jara Corona, mejor conocido como San Jos\u00e9, y, en el trayecto, presuntamente le quitaron 7 mil 370 pesos.<\/p>\n\n\n\n<p>El dinero lo ocupar\u00eda para regresar a su ciudad natal; sin embargo, ahora no puede hacerlo por falta de recursos econ\u00f3micos.<\/p>\n\n\n\n<p>Cuando se encontraba en la terminal, su boleto presentaba un error y pidi\u00f3 al personal que se lo reemplazaran. Le dijeron que deb\u00eda esperar tres o cuatro horas para que solucionaran su problema. No estuvo de acuerdo y exigi\u00f3 que le respetaran sus derechos como usuario del transporte de pasajeros.<\/p>\n\n\n\n<p>Los encargados de la terminal llamaron a la Polic\u00eda Estatal y los elementos lo acusaron de alterar el orden p\u00fablico, a pesar de que, dijo, en ning\u00fan momento perdi\u00f3 la cordura.<\/p>\n\n\n\n<p>\u201cLa gerente del ADO me dijo que ten\u00eda que esperar desde las cuatro de la madrugada hasta las siete y ocho, y que yo lo solucionase, siendo que para eso le pagan a ella. Llamaron a la polic\u00eda porque me qued\u00e9 parado en el mostrador, pidiendo que por favor me lo cambien. Seg\u00fan la polic\u00eda estatal y el IPAX dijeron que yo estaba alternado el orden p\u00fablico, se supone que si yo estoy parado a un lado del mostrador, sin golpear el mostrador, ni gritar c\u00f3mo un loco, no estoy alterando el orden p\u00fablico\u201d, narr\u00f3.<\/p>\n\n\n\n<p>El argentino hab\u00eda acudido a la capital del Estado para despedirse de una familia que le ofreci\u00f3 hospedaje y que conoci\u00f3 en su trabajo como promotor de destinos tur\u00edsticos.<\/p>\n\n\n\n<p>\u201cCuando ellos me quisieron detener que fue a las cinco horas con diez minutos, yo trat\u00e9 de no dejarme porque no puede ser que pretendan llevarte preso por defender tus derechos del mal actuar de una empresa. La polic\u00eda est\u00e1 para defender al ciudadano pero la polic\u00eda aqu\u00ed en M\u00e9xico se pone a defender a las grandes empresas\u201d.<\/p>\n\n\n\n<p>Claudio present\u00f3 el 28 de diciembre una queja ante Asuntos Internos de la SSP y en la Comisi\u00f3n Estatal de Derechos Humanos (CEDH), para que su caso sea atendido.<\/p>\n\n\n\n<p>\u201cCuando me cargaron, el polic\u00eda masculino s\u00ed me alcanz\u00f3 a propinar unos golpes y me dijo que me callara la boca\u201d, relat\u00f3.<\/p>\n\n\n\n<p>El joven mostr\u00f3 documentos de las dependencias mencionadas donde fue recibida su queja correspondiente. Adem\u00e1s, pidi\u00f3 a autoridades estatales que su caso sea revisado y que haya una reparaci\u00f3n del da\u00f1o para, posteriormente, regresar a su pa\u00eds.<\/p>\n","protected":false},"excerpt":{"rendered":"<p>Juan Arcos Xalapa, Ver.- Claudio Nicol\u00e1s Ojeda, oriundo de Buenos Aires, Argentina, denunci\u00f3 que fue golpeado y v\u00edctima de robo por parte de elementos de la Secretar\u00eda de Seguridad P\u00fablica (SSP) y del Instituto de la Polic\u00eda Auxiliar y Protecci\u00f3n Patrimonial para el Estado de Veracruz (IPAX). El entrevistado record\u00f3 que los hechos ocurrieron el [&hellip;]<\/p>\n","protected":false},"author":1,"featured_media":9776,"comment_status":"open","ping_status":"open","sticky":false,"template":"","format":"standard","meta":{"_jetpack_memberships_contains_paid_content":false,"footnotes":""},"categories":[3],"tags":[],"class_list":["post-9775","post","type-post","status-publish","format-standard","has-post-thumbnail","hentry","category-xalapa"],"jetpack_featured_media_url":"https:\/\/encuentroinformativo.com.mx\/wp-content\/uploads\/2021\/01\/381B7BD6-F00C-447C-8577-03EE49287AFD.jpeg","jetpack_sharing_enabled":true,"jetpack_likes_enabled":true,"amp_enabled":true,"_links":{"self":[{"href":"https:\/\/encuentroinformativo.com.mx\/index.php?rest_route=\/wp\/v2\/posts\/9775","targetHints":{"allow":["GET"]}}],"collection":[{"href":"https:\/\/encuentroinformativo.com.mx\/index.php?rest_route=\/wp\/v2\/posts"}],"about":[{"href":"https:\/\/encuentroinformativo.com.mx\/index.php?rest_route=\/wp\/v2\/types\/post"}],"author":[{"embeddable":true,"href":"https:\/\/encuentroinformativo.com.mx\/index.php?rest_route=\/wp\/v2\/users\/1"}],"replies":[{"embeddable":true,"href":"https:\/\/encuentroinformativo.com.mx\/index.php?rest_route=%2Fwp%2Fv2%2Fcomments&post=9775"}],"version-history":[{"count":1,"href":"https:\/\/encuentroinformativo.com.mx\/index.php?rest_route=\/wp\/v2\/posts\/9775\/revisions"}],"predecessor-version":[{"id":9777,"href":"https:\/\/encuentroinformativo.com.mx\/index.php?rest_route=\/wp\/v2\/posts\/9775\/revisions\/9777"}],"wp:featuredmedia":[{"embeddable":true,"href":"https:\/\/encuentroinformativo.com.mx\/index.php?rest_route=\/wp\/v2\/media\/9776"}],"wp:attachment":[{"href":"https:\/\/encuentroinformativo.com.mx\/index.php?rest_route=%2Fwp%2Fv2%2Fmedia&parent=9775"}],"wp:term":[{"taxonomy":"category","embeddable":true,"href":"https:\/\/encuentroinformativo.com.mx\/index.php?rest_route=%2Fwp%2Fv2%2Fcategories&post=9775"},{"taxonomy":"post_tag","embeddable":true,"href":"https:\/\/encuentroinformativo.com.mx\/index.php?rest_route=%2Fwp%2Fv2%2Ftags&post=9775"}],"curies":[{"name":"wp","href":"https:\/\/api.w.org\/{rel}","templated":true}]}}