{"id":9816,"date":"2021-01-07T14:41:22","date_gmt":"2021-01-07T20:41:22","guid":{"rendered":"https:\/\/encuentroinformativo.com.mx\/?p=9816"},"modified":"2021-01-07T14:41:24","modified_gmt":"2021-01-07T20:41:24","slug":"partidos-ejercen-violencia-politica-no-hay-apertura-diversidad-sexual","status":"publish","type":"post","link":"https:\/\/encuentroinformativo.com.mx\/?p=9816","title":{"rendered":"Partidos ejercen violencia pol\u00edtica, no hay apertura: Diversidad Sexual"},"content":{"rendered":"\n<p><strong>Juan Arcos <\/strong><\/p>\n\n\n\n<p>Xalapa, Ver.- Todos los partidos han ejercido violencia pol\u00edtica al no tener apertura a candidaturas para integrantes de la comunidad L\u00e9sbico, Gay, Bisexual, Transexual, Transg\u00e9nero, Travesti, Intersexual y anexos (Lgbttti).<\/p>\n\n\n\n<p>As\u00ed lo denunci\u00f3 Benjam\u00edn Callejas Hern\u00e1ndez, presidente de la Coalici\u00f3n Estatal de la Diversidad Sexual, quien adem\u00e1s reprob\u00f3 que los organismos pol\u00edticos no hayan dado la oportunidad a personas de dicha comunidad en Veracruz, para que sean candidatas y candidatos a ocupar un cargo de elecci\u00f3n popular.<\/p>\n\n\n\n<p>\u201cEs por parte de todos los partidos pol\u00edticos porque no est\u00e1n dando la apertura a lo que sin candidaturas abiertamente de diversidad sexual, eso es una violencia pol\u00edtica hacia nuestra comunidad\u201d.<\/p>\n\n\n\n<p>El entrevistado detall\u00f3 que esto ocurre a pesar de que el Movimiento de Regeneraci\u00f3n Nacional (Morena) y el Partido de la Revoluci\u00f3n Democr\u00e1tica (PRD) tienen coordinaciones de diversidad sexual, tanto a nivel nacional como estatal.<\/p>\n\n\n\n<p>A\u00f1adi\u00f3 que el Partido Acci\u00f3n Nacional (PAN) es un organismo de derecha, \u201cultraconservador\u201d, donde hay gente valiosa pero su ideolog\u00eda no les permite involucrar dichos temas.<\/p>\n\n\n\n<p>A su juicio, el Partido Revolucionario Institucional (PRI) tampoco dio la oportunidad a la comunidad gay durante muchos a\u00f1os y, mucho menos, el Partido Verde Ecologista de M\u00e9xico (PVEM).<\/p>\n\n\n\n<p>Callejas Hern\u00e1ndez opin\u00f3 que el sistema de partidos le ha quedado a deber a la comunidad de la diversidad sexual y que dicha situaci\u00f3n tambi\u00e9n podr\u00eda considerarse como discriminaci\u00f3n en su contra.<\/p>\n\n\n\n<p>\u201cNo han dado esa oportunidad y hay gente muy talentosa en todo el Estado que podr\u00eda ocupar un cargo de elecci\u00f3n popular\u201d.<\/p>\n\n\n\n<p>El Presidente de la Coalici\u00f3n Estatal de la Diversidad Sexual record\u00f3 que en a\u00f1os anteriores los partidos pol\u00edticos decidieron \u201cheteronormar\u201d a candidatas y candidatos electos para ocultar su orientaci\u00f3n sexual e identidad de g\u00e9nero.<\/p>\n","protected":false},"excerpt":{"rendered":"<p>Juan Arcos Xalapa, Ver.- Todos los partidos han ejercido violencia pol\u00edtica al no tener apertura a candidaturas para integrantes de la comunidad L\u00e9sbico, Gay, Bisexual, Transexual, Transg\u00e9nero, Travesti, Intersexual y anexos (Lgbttti). As\u00ed lo denunci\u00f3 Benjam\u00edn Callejas Hern\u00e1ndez, presidente de la Coalici\u00f3n Estatal de la Diversidad Sexual, quien adem\u00e1s reprob\u00f3 que los organismos pol\u00edticos no [&hellip;]<\/p>\n","protected":false},"author":1,"featured_media":9817,"comment_status":"open","ping_status":"open","sticky":false,"template":"","format":"standard","meta":{"_jetpack_memberships_contains_paid_content":false,"footnotes":""},"categories":[3],"tags":[],"class_list":["post-9816","post","type-post","status-publish","format-standard","has-post-thumbnail","hentry","category-xalapa"],"jetpack_featured_media_url":"https:\/\/encuentroinformativo.com.mx\/wp-content\/uploads\/2021\/01\/B174761E-70C2-4607-8C4D-16DD5B016A5B.jpeg","jetpack_sharing_enabled":true,"jetpack_likes_enabled":true,"amp_enabled":true,"_links":{"self":[{"href":"https:\/\/encuentroinformativo.com.mx\/index.php?rest_route=\/wp\/v2\/posts\/9816","targetHints":{"allow":["GET"]}}],"collection":[{"href":"https:\/\/encuentroinformativo.com.mx\/index.php?rest_route=\/wp\/v2\/posts"}],"about":[{"href":"https:\/\/encuentroinformativo.com.mx\/index.php?rest_route=\/wp\/v2\/types\/post"}],"author":[{"embeddable":true,"href":"https:\/\/encuentroinformativo.com.mx\/index.php?rest_route=\/wp\/v2\/users\/1"}],"replies":[{"embeddable":true,"href":"https:\/\/encuentroinformativo.com.mx\/index.php?rest_route=%2Fwp%2Fv2%2Fcomments&post=9816"}],"version-history":[{"count":1,"href":"https:\/\/encuentroinformativo.com.mx\/index.php?rest_route=\/wp\/v2\/posts\/9816\/revisions"}],"predecessor-version":[{"id":9818,"href":"https:\/\/encuentroinformativo.com.mx\/index.php?rest_route=\/wp\/v2\/posts\/9816\/revisions\/9818"}],"wp:featuredmedia":[{"embeddable":true,"href":"https:\/\/encuentroinformativo.com.mx\/index.php?rest_route=\/wp\/v2\/media\/9817"}],"wp:attachment":[{"href":"https:\/\/encuentroinformativo.com.mx\/index.php?rest_route=%2Fwp%2Fv2%2Fmedia&parent=9816"}],"wp:term":[{"taxonomy":"category","embeddable":true,"href":"https:\/\/encuentroinformativo.com.mx\/index.php?rest_route=%2Fwp%2Fv2%2Fcategories&post=9816"},{"taxonomy":"post_tag","embeddable":true,"href":"https:\/\/encuentroinformativo.com.mx\/index.php?rest_route=%2Fwp%2Fv2%2Ftags&post=9816"}],"curies":[{"name":"wp","href":"https:\/\/api.w.org\/{rel}","templated":true}]}}