{"id":9829,"date":"2021-01-07T16:00:07","date_gmt":"2021-01-07T22:00:07","guid":{"rendered":"https:\/\/encuentroinformativo.com.mx\/?p=9829"},"modified":"2021-01-07T16:00:09","modified_gmt":"2021-01-07T22:00:09","slug":"anilu-quiere-seguir-como-diputada","status":"publish","type":"post","link":"https:\/\/encuentroinformativo.com.mx\/?p=9829","title":{"rendered":"Anil\u00fa quiere seguir como diputada"},"content":{"rendered":"\n<p><strong>Alejandro \u00c1vila<\/strong><\/p>\n\n\n\n<p>Veracruz, Ver.- Ser\u00e1 a m\u00e1s tardar la primer quincena de febrero cuando la alianza \u201cVa por M\u00e9xico\u201d, que conforman el PRI, PAN y PRD definan quienes ser\u00e1n sus candidatos para los cargos de elecci\u00f3n popular en Veracruz, diputados locales, federales y alcald\u00edas.<\/p>\n\n\n\n<p>Ante el rumor de que muchos legisladores locales y federales optar\u00e1n por la reelecci\u00f3n, la priista veracruzana, Anil\u00fa Ingram Vallines, quien se ha consolidado en San L\u00e1zaro, siendo una f\u00e9rrea luchadora por los derechos de las mujeres y ni\u00f1os en el Congreso, confirm\u00f3 que desea continuar en el cargo como diputada federal, aunque respetar\u00e1 la decisi\u00f3n que tomen su partido en las \u00faltimas semanas.<\/p>\n\n\n\n<p>\u201cGanas hay siempre, de servir, lo he hecho en cada uno de los espacios en los que he tenido oportunidad de servir, acabo de presentar mi informe a finales del a\u00f1o pasado, con resultados que a m\u00ed me hacen sentir muy orgullosa, que me hacen sentir muy satisfecha y que son resultados con hechos, no con discursos huecos, que luego no traen un beneficio realmente para la ciudadan\u00eda\u201d, resalt\u00f3.<\/p>\n\n\n\n<p>Son tiempos de rumores y se menciona que los dos cargos uninominales para la diputaci\u00f3n federal de Veracruz le corresponder\u00edan al Partido Acci\u00f3n Nacional (PAN), en esa situaci\u00f3n, Anil\u00fa Ingram tendr\u00eda que asegurar su curul por la v\u00eda plurinominal, aunque se sabe consiente que es un activo importante de la alianza, pues ha forjado una estructura s\u00f3lida en la ciudad de Veracruz y el Estado, durante su paso por diferentes cargos.<\/p>\n\n\n\n<p>Su cargo como delegada de la Secretar\u00eda de Desarrollo Social (SEDESOL) en Veracruz, a\u00f1os atr\u00e1s, fue la punta de lanza para marcar territorio en el Congreso Federal, pues desde ah\u00ed analiz\u00f3, construy\u00f3 y present\u00f3 iniciativas para terminar con el acoso mujeres, homologar el delito de feminicidio a nivel nacional, y defender a las madres de familia, a quienes el gobierno federal les quit\u00f3 sus apoyos econ\u00f3micos y las estancias infantiles.<\/p>\n","protected":false},"excerpt":{"rendered":"<p>Alejandro \u00c1vila Veracruz, Ver.- Ser\u00e1 a m\u00e1s tardar la primer quincena de febrero cuando la alianza \u201cVa por M\u00e9xico\u201d, que conforman el PRI, PAN y PRD definan quienes ser\u00e1n sus candidatos para los cargos de elecci\u00f3n popular en Veracruz, diputados locales, federales y alcald\u00edas. Ante el rumor de que muchos legisladores locales y federales optar\u00e1n [&hellip;]<\/p>\n","protected":false},"author":1,"featured_media":9830,"comment_status":"open","ping_status":"open","sticky":false,"template":"","format":"standard","meta":{"_jetpack_memberships_contains_paid_content":false,"footnotes":""},"categories":[2],"tags":[],"class_list":["post-9829","post","type-post","status-publish","format-standard","has-post-thumbnail","hentry","category-estado"],"jetpack_featured_media_url":"https:\/\/encuentroinformativo.com.mx\/wp-content\/uploads\/2021\/01\/2F65E130-8603-4F54-AFA0-E793DF36AC72.jpeg","jetpack_sharing_enabled":true,"jetpack_likes_enabled":true,"amp_enabled":true,"_links":{"self":[{"href":"https:\/\/encuentroinformativo.com.mx\/index.php?rest_route=\/wp\/v2\/posts\/9829","targetHints":{"allow":["GET"]}}],"collection":[{"href":"https:\/\/encuentroinformativo.com.mx\/index.php?rest_route=\/wp\/v2\/posts"}],"about":[{"href":"https:\/\/encuentroinformativo.com.mx\/index.php?rest_route=\/wp\/v2\/types\/post"}],"author":[{"embeddable":true,"href":"https:\/\/encuentroinformativo.com.mx\/index.php?rest_route=\/wp\/v2\/users\/1"}],"replies":[{"embeddable":true,"href":"https:\/\/encuentroinformativo.com.mx\/index.php?rest_route=%2Fwp%2Fv2%2Fcomments&post=9829"}],"version-history":[{"count":1,"href":"https:\/\/encuentroinformativo.com.mx\/index.php?rest_route=\/wp\/v2\/posts\/9829\/revisions"}],"predecessor-version":[{"id":9831,"href":"https:\/\/encuentroinformativo.com.mx\/index.php?rest_route=\/wp\/v2\/posts\/9829\/revisions\/9831"}],"wp:featuredmedia":[{"embeddable":true,"href":"https:\/\/encuentroinformativo.com.mx\/index.php?rest_route=\/wp\/v2\/media\/9830"}],"wp:attachment":[{"href":"https:\/\/encuentroinformativo.com.mx\/index.php?rest_route=%2Fwp%2Fv2%2Fmedia&parent=9829"}],"wp:term":[{"taxonomy":"category","embeddable":true,"href":"https:\/\/encuentroinformativo.com.mx\/index.php?rest_route=%2Fwp%2Fv2%2Fcategories&post=9829"},{"taxonomy":"post_tag","embeddable":true,"href":"https:\/\/encuentroinformativo.com.mx\/index.php?rest_route=%2Fwp%2Fv2%2Ftags&post=9829"}],"curies":[{"name":"wp","href":"https:\/\/api.w.org\/{rel}","templated":true}]}}