{"id":9832,"date":"2021-01-07T16:55:04","date_gmt":"2021-01-07T22:55:04","guid":{"rendered":"https:\/\/encuentroinformativo.com.mx\/?p=9832"},"modified":"2021-01-07T16:55:07","modified_gmt":"2021-01-07T22:55:07","slug":"tev-obliga-a-cen-del-pan-a-dejar-votar-a-nuevos-militantes-en-veracruz-y-medellin","status":"publish","type":"post","link":"https:\/\/encuentroinformativo.com.mx\/?p=9832","title":{"rendered":"TEV obliga a CEN del PAN a dejar votar a nuevos militantes en Veracruz y Medell\u00edn"},"content":{"rendered":"\n<p><strong>Redacci\u00f3n<\/strong><\/p>\n\n\n\n<p>Veracruz, Ver.- El Tribunal Electoral de Veracruz, envi\u00f3 este miercoles 6 de enero, el documento TEV-JDC-657\/2020-INC-1, donde se obliga al Comit\u00e9 Ejecutivo Nacional del Partido Acci\u00f3n Nacional, a reconcer como militantes a 473 personas de los municipios de Veracruz y Medell\u00edn de Bravo, a fin de que estos puedan votar en el pr\u00f3ximo proceso interno.<\/p>\n\n\n\n<p>La impugnaci\u00f3n, que fue promovida el 22 de diciembre del 2020, fue ratificado por el Tribunal Electoral Veracruzano el 30 de diciembre de ese mismo a\u00f1o, y donde se inst\u00f3 a la Comisi\u00f3n Nacional de Afiliaci\u00f3n de Partido Acci\u00f3n Nacional a reconocer a estos nuevos militantes y dejarles ejercer su voto en las elecciones internas para elegir diputados locales y alcald\u00edas.<\/p>\n\n\n\n<p>El 4 de enero, Elvira Beltr\u00e1n Utrera y otros militantes, notificaron a la Oficial\u00eda de Partes del TEV que el CEN del PAN hab\u00eda desestimado su mandato, por lo que se procedio por lo que a trav\u00e9s del documento TEV-JDC-657\/2020-INC-1, el cual fue turnado al Magistrado, Roberto Eduardo Sigala Aguilar.<\/p>\n\n\n\n<p>Para este Tribunal lo procedente resulta<\/p>\n\n\n\n<p>maximizar el derecho de afiliaci\u00f3n de las y los promoventes, a fin de que el Registro Nacional de Militantes los incluya en el listado nominal a utilizar en la jornada electiva interna del pr\u00f3ximo catorce de febrero<\/p>\n\n\n\n<p>Al haber resultado fundado el presente incidente, se ordena a la Comisi\u00f3n Nacional de Afiliaci\u00f3n del Partido Acci\u00f3n Nacional<\/p>\n\n\n\n<p>y Registro Nacionalde Militantes lo siguiente:<\/p>\n\n\n\n<p>Procedan a la actualizaci\u00f3n del listado nominal de militantes, incluyendo a las y los promoventes, a fin de que est\u00e9n en condiciones de participar en el proceso de selecci\u00f3n de candidaturas para integrar planillas de los Ayuntamientos del Estado de Veracruz, que registra el Partido Acci\u00f3n Nacional con motivo del Proceso Electoral<\/p>\n\n\n\n<p>Local 2020-2021, en el estado de Veracruz.<\/p>\n\n\n\n<p>Por ende, la Comisi\u00f3n Nacional de Afiliaci\u00f3n, deber\u00e1 dar cumplimiento a lo anterior, en un t\u00e9rmino de veinticuatro horas; debiendo remitir a este Tribunal copia certificada de las constancias que se justifiquen el cumplimiento, ello dentro del t\u00e9rmino de las veinticuatro horas a que ocurra.<\/p>\n\n\n\n<p>En caso de incumplir nuevamente con lo promovido por el Tribunal Electoral de Veracruz, el Comit\u00e9 Ejecutivo Nacional del Partido Acci\u00f3n Nacional, ser\u00eda amonestado y se har\u00eda acredor a una multa econ\u00f3mica.<\/p>\n","protected":false},"excerpt":{"rendered":"<p>Redacci\u00f3n Veracruz, Ver.- El Tribunal Electoral de Veracruz, envi\u00f3 este miercoles 6 de enero, el documento TEV-JDC-657\/2020-INC-1, donde se obliga al Comit\u00e9 Ejecutivo Nacional del Partido Acci\u00f3n Nacional, a reconcer como militantes a 473 personas de los municipios de Veracruz y Medell\u00edn de Bravo, a fin de que estos puedan votar en el pr\u00f3ximo proceso [&hellip;]<\/p>\n","protected":false},"author":1,"featured_media":2065,"comment_status":"open","ping_status":"open","sticky":false,"template":"","format":"standard","meta":{"_jetpack_memberships_contains_paid_content":false,"footnotes":""},"categories":[2],"tags":[],"class_list":["post-9832","post","type-post","status-publish","format-standard","has-post-thumbnail","hentry","category-estado"],"jetpack_featured_media_url":"https:\/\/encuentroinformativo.com.mx\/wp-content\/uploads\/2020\/04\/D4A576B1-BBBD-46AB-8DBB-31CF657C6138.jpeg","jetpack_sharing_enabled":true,"jetpack_likes_enabled":true,"amp_enabled":true,"_links":{"self":[{"href":"https:\/\/encuentroinformativo.com.mx\/index.php?rest_route=\/wp\/v2\/posts\/9832","targetHints":{"allow":["GET"]}}],"collection":[{"href":"https:\/\/encuentroinformativo.com.mx\/index.php?rest_route=\/wp\/v2\/posts"}],"about":[{"href":"https:\/\/encuentroinformativo.com.mx\/index.php?rest_route=\/wp\/v2\/types\/post"}],"author":[{"embeddable":true,"href":"https:\/\/encuentroinformativo.com.mx\/index.php?rest_route=\/wp\/v2\/users\/1"}],"replies":[{"embeddable":true,"href":"https:\/\/encuentroinformativo.com.mx\/index.php?rest_route=%2Fwp%2Fv2%2Fcomments&post=9832"}],"version-history":[{"count":1,"href":"https:\/\/encuentroinformativo.com.mx\/index.php?rest_route=\/wp\/v2\/posts\/9832\/revisions"}],"predecessor-version":[{"id":9833,"href":"https:\/\/encuentroinformativo.com.mx\/index.php?rest_route=\/wp\/v2\/posts\/9832\/revisions\/9833"}],"wp:featuredmedia":[{"embeddable":true,"href":"https:\/\/encuentroinformativo.com.mx\/index.php?rest_route=\/wp\/v2\/media\/2065"}],"wp:attachment":[{"href":"https:\/\/encuentroinformativo.com.mx\/index.php?rest_route=%2Fwp%2Fv2%2Fmedia&parent=9832"}],"wp:term":[{"taxonomy":"category","embeddable":true,"href":"https:\/\/encuentroinformativo.com.mx\/index.php?rest_route=%2Fwp%2Fv2%2Fcategories&post=9832"},{"taxonomy":"post_tag","embeddable":true,"href":"https:\/\/encuentroinformativo.com.mx\/index.php?rest_route=%2Fwp%2Fv2%2Ftags&post=9832"}],"curies":[{"name":"wp","href":"https:\/\/api.w.org\/{rel}","templated":true}]}}