{"id":984,"date":"2020-03-16T17:03:18","date_gmt":"2020-03-16T23:03:18","guid":{"rendered":"https:\/\/encuentroinformativo.com\/?p=984"},"modified":"2020-03-16T17:03:20","modified_gmt":"2020-03-16T23:03:20","slug":"autoridades-daran-reportes-diarios-de-coronavirus-en-veracruz","status":"publish","type":"post","link":"https:\/\/encuentroinformativo.com.mx\/?p=984","title":{"rendered":"Autoridades dar\u00e1n reportes diarios de Coronavirus en Veracruz"},"content":{"rendered":"\n<p><strong>Dar\u00edo Pale <\/strong><\/p>\n\n\n\n<p>Xalapa, Ver.- Las medidas de prevenci\u00f3n ser\u00e1n regionales y graduales, pues todos los d\u00edas a las 20:30 horas se dar\u00e1n a conocer informes del coronavirus, as\u00ed lo dio a conocer el gobernador de Veracruz, Cuitl\u00e1huac Garc\u00eda Jim\u00e9nez.<\/p>\n\n\n\n<p>En conferencia de prensa realizada en la sala de banderas de palacio de gobierno se\u00f1al\u00f3 que \u201clas medidas se estar\u00e1n modificando diariamente y se est\u00e1n regionalizando. Nos recomiendan a los estados tomar las medidas generales y empezar a tomar las medidas regionales dependiendo del avance del Covid-19\u201d.<\/p>\n\n\n\n<p>De esta manera la Secretar\u00eda de Salud, revalorar\u00e1 las condiciones del virus en la entidad y se estudiar\u00e1n los puertos y sitios de mayor afluencia, as\u00ed como tener en cuenta el historial de casos sospechosos que podr\u00edan convertirse en positivos.<\/p>\n\n\n\n<p>\u201cSobre todo con personas que estuvieron fuera del pa\u00eds donde ya hay coronavirus. El d\u00eda domingo la decisi\u00f3n del Consejo Estatal de Salud se asumi\u00f3 dar esas recomendaciones y por eso hemos tomado la decisi\u00f3n de ir cancelando actividades de manera regional\u201d, se\u00f1al\u00f3.<\/p>\n\n\n\n<p>Por \u00faltimo coment\u00f3 que de esta manera en la regi\u00f3n conurbada de Veracruz, Boca del R\u00edo, Medell\u00edn y Alvarado a partir de este martes 17 quedan suspendidas las actividades escolares como medida de prevenci\u00f3n por el coronavirus.<\/p>\n\n\n\n<p><\/p>\n\n\n\n<p><\/p>\n","protected":false},"excerpt":{"rendered":"<p>Dar\u00edo Pale Xalapa, Ver.- Las medidas de prevenci\u00f3n ser\u00e1n regionales y graduales, pues todos los d\u00edas a las 20:30 horas se dar\u00e1n a conocer informes del coronavirus, as\u00ed lo dio a conocer el gobernador de Veracruz, Cuitl\u00e1huac Garc\u00eda Jim\u00e9nez. En conferencia de prensa realizada en la sala de banderas de palacio de gobierno se\u00f1al\u00f3 que [&hellip;]<\/p>\n","protected":false},"author":1,"featured_media":985,"comment_status":"open","ping_status":"open","sticky":false,"template":"","format":"standard","meta":{"_jetpack_memberships_contains_paid_content":false,"footnotes":""},"categories":[2],"tags":[],"class_list":["post-984","post","type-post","status-publish","format-standard","has-post-thumbnail","hentry","category-estado"],"jetpack_featured_media_url":"https:\/\/encuentroinformativo.com.mx\/wp-content\/uploads\/2020\/03\/20502D1B-6BAA-49D0-9143-A1D5A5BE830B.jpeg","jetpack_sharing_enabled":true,"jetpack_likes_enabled":true,"amp_enabled":true,"_links":{"self":[{"href":"https:\/\/encuentroinformativo.com.mx\/index.php?rest_route=\/wp\/v2\/posts\/984","targetHints":{"allow":["GET"]}}],"collection":[{"href":"https:\/\/encuentroinformativo.com.mx\/index.php?rest_route=\/wp\/v2\/posts"}],"about":[{"href":"https:\/\/encuentroinformativo.com.mx\/index.php?rest_route=\/wp\/v2\/types\/post"}],"author":[{"embeddable":true,"href":"https:\/\/encuentroinformativo.com.mx\/index.php?rest_route=\/wp\/v2\/users\/1"}],"replies":[{"embeddable":true,"href":"https:\/\/encuentroinformativo.com.mx\/index.php?rest_route=%2Fwp%2Fv2%2Fcomments&post=984"}],"version-history":[{"count":1,"href":"https:\/\/encuentroinformativo.com.mx\/index.php?rest_route=\/wp\/v2\/posts\/984\/revisions"}],"predecessor-version":[{"id":986,"href":"https:\/\/encuentroinformativo.com.mx\/index.php?rest_route=\/wp\/v2\/posts\/984\/revisions\/986"}],"wp:featuredmedia":[{"embeddable":true,"href":"https:\/\/encuentroinformativo.com.mx\/index.php?rest_route=\/wp\/v2\/media\/985"}],"wp:attachment":[{"href":"https:\/\/encuentroinformativo.com.mx\/index.php?rest_route=%2Fwp%2Fv2%2Fmedia&parent=984"}],"wp:term":[{"taxonomy":"category","embeddable":true,"href":"https:\/\/encuentroinformativo.com.mx\/index.php?rest_route=%2Fwp%2Fv2%2Fcategories&post=984"},{"taxonomy":"post_tag","embeddable":true,"href":"https:\/\/encuentroinformativo.com.mx\/index.php?rest_route=%2Fwp%2Fv2%2Ftags&post=984"}],"curies":[{"name":"wp","href":"https:\/\/api.w.org\/{rel}","templated":true}]}}