{"id":9862,"date":"2021-01-08T15:59:26","date_gmt":"2021-01-08T21:59:26","guid":{"rendered":"https:\/\/encuentroinformativo.com.mx\/?p=9862"},"modified":"2021-01-08T15:59:28","modified_gmt":"2021-01-08T21:59:28","slug":"joven-victima-de-abuso-sexual-en-colonia-chalchihuecan","status":"publish","type":"post","link":"https:\/\/encuentroinformativo.com.mx\/?p=9862","title":{"rendered":"Joven v\u00edctima de abuso sexual en colonia Chalchihuecan"},"content":{"rendered":"\n<p><strong>Alejandro \u00c1vila<\/strong><\/p>\n\n\n\n<p>Veracruz, Ver.- Una joven fue hospitalizada tras haber sido v\u00edctima de presunto abuso sexual, inform\u00f3 la directora del Instituto Municipal de la Mujer en Veracruz, Blanca Aquino Santiago.<\/p>\n\n\n\n<p>Los hechos ocurrieron esta semana en las inmediaciones de la colonia Chalchihuacan, una espacio en la zona norte del municipio que presenta una marginaci\u00f3n relevante y que se ha buscado combatir durante esta administraci\u00f3n municipal.<\/p>\n\n\n\n<p>La mujer, tras pedir auxilio, fue atendida por paramedicos de la Cruz Roja quienes la trasladaron al Hospital Regional de Veracruz, ah\u00ed ser\u00e1n los m\u00e9dicos quienes podr\u00e1n confirmar si efectivamente sufrio de abuso sexual.<\/p>\n\n\n\n<p>&#8220;Lo que conocemos de este caso, es porque tuvimos comunicaci\u00f3n con personal del Hospital, con trabajo social. Lo que nosotras estamos ahorita pendiente es que se activara la norma 046, para que esta mujer recibiera toda la atenci\u00f3n m\u00e9dica necesaria, se dio aviso tambi\u00e9n a Fiscal\u00eda, en ese sentido nosotras hemos estado atentas&#8221;, dijo la funcionaria municipal.<\/p>\n\n\n\n<p>La joven se menciona tambi\u00e9n fue golpeada, para posteriormente abusada sexualmente.<\/p>\n","protected":false},"excerpt":{"rendered":"<p>Alejandro \u00c1vila Veracruz, Ver.- Una joven fue hospitalizada tras haber sido v\u00edctima de presunto abuso sexual, inform\u00f3 la directora del Instituto Municipal de la Mujer en Veracruz, Blanca Aquino Santiago. Los hechos ocurrieron esta semana en las inmediaciones de la colonia Chalchihuacan, una espacio en la zona norte del municipio que presenta una marginaci\u00f3n relevante [&hellip;]<\/p>\n","protected":false},"author":1,"featured_media":9863,"comment_status":"open","ping_status":"open","sticky":false,"template":"","format":"standard","meta":{"_jetpack_memberships_contains_paid_content":false,"footnotes":""},"categories":[14],"tags":[],"class_list":["post-9862","post","type-post","status-publish","format-standard","has-post-thumbnail","hentry","category-policiaca"],"jetpack_featured_media_url":"https:\/\/encuentroinformativo.com.mx\/wp-content\/uploads\/2021\/01\/B757E327-F9C9-46E9-8B3C-F82C691F0652.jpeg","jetpack_sharing_enabled":true,"jetpack_likes_enabled":true,"amp_enabled":true,"_links":{"self":[{"href":"https:\/\/encuentroinformativo.com.mx\/index.php?rest_route=\/wp\/v2\/posts\/9862","targetHints":{"allow":["GET"]}}],"collection":[{"href":"https:\/\/encuentroinformativo.com.mx\/index.php?rest_route=\/wp\/v2\/posts"}],"about":[{"href":"https:\/\/encuentroinformativo.com.mx\/index.php?rest_route=\/wp\/v2\/types\/post"}],"author":[{"embeddable":true,"href":"https:\/\/encuentroinformativo.com.mx\/index.php?rest_route=\/wp\/v2\/users\/1"}],"replies":[{"embeddable":true,"href":"https:\/\/encuentroinformativo.com.mx\/index.php?rest_route=%2Fwp%2Fv2%2Fcomments&post=9862"}],"version-history":[{"count":1,"href":"https:\/\/encuentroinformativo.com.mx\/index.php?rest_route=\/wp\/v2\/posts\/9862\/revisions"}],"predecessor-version":[{"id":9864,"href":"https:\/\/encuentroinformativo.com.mx\/index.php?rest_route=\/wp\/v2\/posts\/9862\/revisions\/9864"}],"wp:featuredmedia":[{"embeddable":true,"href":"https:\/\/encuentroinformativo.com.mx\/index.php?rest_route=\/wp\/v2\/media\/9863"}],"wp:attachment":[{"href":"https:\/\/encuentroinformativo.com.mx\/index.php?rest_route=%2Fwp%2Fv2%2Fmedia&parent=9862"}],"wp:term":[{"taxonomy":"category","embeddable":true,"href":"https:\/\/encuentroinformativo.com.mx\/index.php?rest_route=%2Fwp%2Fv2%2Fcategories&post=9862"},{"taxonomy":"post_tag","embeddable":true,"href":"https:\/\/encuentroinformativo.com.mx\/index.php?rest_route=%2Fwp%2Fv2%2Ftags&post=9862"}],"curies":[{"name":"wp","href":"https:\/\/api.w.org\/{rel}","templated":true}]}}