{"id":9868,"date":"2021-01-08T16:08:56","date_gmt":"2021-01-08T22:08:56","guid":{"rendered":"https:\/\/encuentroinformativo.com.mx\/?p=9868"},"modified":"2021-01-08T16:08:58","modified_gmt":"2021-01-08T22:08:58","slug":"colapsa-sistema-de-cobro-en-transito-municipal-de-veracruz","status":"publish","type":"post","link":"https:\/\/encuentroinformativo.com.mx\/?p=9868","title":{"rendered":"Colapsa sistema de cobro en Tr\u00e1nsito Municipal de Veracruz"},"content":{"rendered":"\n<p><strong>Alejandro \u00c1vila<\/strong><\/p>\n\n\n\n<p>Veracruz, Ver.- La ma\u00f1ana de este viernes el sistema de cobro de multas de Tr\u00e1nsito Municipal de Veracruz colaps\u00f3, provocando esto retraso en el pago, largas filas y evidentemente una queja de los ciudadanos.<\/p>\n\n\n\n<p>Al respecto de ello, el director del \u00e1rea, Arturo Garc\u00eda Garc\u00eda, confirm\u00f3 el problema en el \u00e1rea de cajas, mismo que dijo se suscit\u00f3 desde las 8 de la ma\u00f1ana, aunque aclar\u00f3 no se &#8220;cay\u00f3&#8221; el sistema, sino que estuvo m\u00e1s intermitente que en otras ocasiones, reconociendo adem\u00e1s, la molestia de la gente por el tiempo perdido.<\/p>\n\n\n\n<p>&#8220;Ya afortunadamente para estas horas, tenemos aproximadamente 40 minutos una hora que se reestrablecio el sistema, ya est\u00e1n las dos cajas trabajando de manera normal, hay dos ni\u00f1as que mandaron del municipio, dos chicas que nos est\u00e1n asistiendo para ir organizando a la gente, y a los que ven\u00eda a hacer pago del predial se les pidi\u00f3 que fueran directamente a las cajas del Palacio Municipal que est\u00e1n muy desahogadas&#8221;, declar\u00f3.<\/p>\n\n\n\n<p>Aclar\u00f3 que su obligaci\u00f3n es atender a toda persona que llegue antes de las 15 horas, y en caso de a\u00fan haber personas despu\u00e9s de ese horario, en el caso extraordinario de este d\u00eda, ser\u00e1n atendido, aunque s\u00ed habr\u00e1 vigilancia para conocer quiene s\u00ed lleg\u00f3 antes del horario de atenci\u00f3n.<\/p>\n\n\n\n<p>El funcionario municipal dijo que el problema inici\u00f3 el lunes, donde empez\u00f3 a volverse inestable el sistema, debido a que tambi\u00e9n hac\u00edan cobro del impuesto predial; expuso que en a\u00f1os anteriores abr\u00edan dos cajas externas para el cobro del predial, pero este a\u00f1o no se hizo y pudo ser la causa del colapso del sistema, aunque a partir del pr\u00f3ximo lunes ya habr\u00e1n solucionado dicha situaci\u00f3n.<\/p>\n\n\n\n<figure class=\"wp-block-image size-large\"><img loading=\"lazy\" decoding=\"async\" width=\"1024\" height=\"472\" src=\"https:\/\/encuentroinformativo.com.mx\/wp-content\/uploads\/2021\/01\/C4DAC70F-0AC5-48A3-BD4B-6F7D87856B16-1024x472.jpeg\" alt=\"\" class=\"wp-image-9870\" srcset=\"https:\/\/encuentroinformativo.com.mx\/wp-content\/uploads\/2021\/01\/C4DAC70F-0AC5-48A3-BD4B-6F7D87856B16-1024x472.jpeg 1024w, https:\/\/encuentroinformativo.com.mx\/wp-content\/uploads\/2021\/01\/C4DAC70F-0AC5-48A3-BD4B-6F7D87856B16-300x138.jpeg 300w, https:\/\/encuentroinformativo.com.mx\/wp-content\/uploads\/2021\/01\/C4DAC70F-0AC5-48A3-BD4B-6F7D87856B16-768x354.jpeg 768w, https:\/\/encuentroinformativo.com.mx\/wp-content\/uploads\/2021\/01\/C4DAC70F-0AC5-48A3-BD4B-6F7D87856B16.jpeg 1280w\" sizes=\"auto, (max-width: 1024px) 100vw, 1024px\" \/><\/figure>\n","protected":false},"excerpt":{"rendered":"<p>Alejandro \u00c1vila Veracruz, Ver.- La ma\u00f1ana de este viernes el sistema de cobro de multas de Tr\u00e1nsito Municipal de Veracruz colaps\u00f3, provocando esto retraso en el pago, largas filas y evidentemente una queja de los ciudadanos. Al respecto de ello, el director del \u00e1rea, Arturo Garc\u00eda Garc\u00eda, confirm\u00f3 el problema en el \u00e1rea de cajas, [&hellip;]<\/p>\n","protected":false},"author":1,"featured_media":9869,"comment_status":"open","ping_status":"open","sticky":false,"template":"","format":"standard","meta":{"_jetpack_memberships_contains_paid_content":false,"footnotes":""},"categories":[2],"tags":[],"class_list":["post-9868","post","type-post","status-publish","format-standard","has-post-thumbnail","hentry","category-estado"],"jetpack_featured_media_url":"https:\/\/encuentroinformativo.com.mx\/wp-content\/uploads\/2021\/01\/2216F692-BC22-4113-B9CC-38BE669214A7.jpeg","jetpack_sharing_enabled":true,"jetpack_likes_enabled":true,"amp_enabled":true,"_links":{"self":[{"href":"https:\/\/encuentroinformativo.com.mx\/index.php?rest_route=\/wp\/v2\/posts\/9868","targetHints":{"allow":["GET"]}}],"collection":[{"href":"https:\/\/encuentroinformativo.com.mx\/index.php?rest_route=\/wp\/v2\/posts"}],"about":[{"href":"https:\/\/encuentroinformativo.com.mx\/index.php?rest_route=\/wp\/v2\/types\/post"}],"author":[{"embeddable":true,"href":"https:\/\/encuentroinformativo.com.mx\/index.php?rest_route=\/wp\/v2\/users\/1"}],"replies":[{"embeddable":true,"href":"https:\/\/encuentroinformativo.com.mx\/index.php?rest_route=%2Fwp%2Fv2%2Fcomments&post=9868"}],"version-history":[{"count":1,"href":"https:\/\/encuentroinformativo.com.mx\/index.php?rest_route=\/wp\/v2\/posts\/9868\/revisions"}],"predecessor-version":[{"id":9871,"href":"https:\/\/encuentroinformativo.com.mx\/index.php?rest_route=\/wp\/v2\/posts\/9868\/revisions\/9871"}],"wp:featuredmedia":[{"embeddable":true,"href":"https:\/\/encuentroinformativo.com.mx\/index.php?rest_route=\/wp\/v2\/media\/9869"}],"wp:attachment":[{"href":"https:\/\/encuentroinformativo.com.mx\/index.php?rest_route=%2Fwp%2Fv2%2Fmedia&parent=9868"}],"wp:term":[{"taxonomy":"category","embeddable":true,"href":"https:\/\/encuentroinformativo.com.mx\/index.php?rest_route=%2Fwp%2Fv2%2Fcategories&post=9868"},{"taxonomy":"post_tag","embeddable":true,"href":"https:\/\/encuentroinformativo.com.mx\/index.php?rest_route=%2Fwp%2Fv2%2Ftags&post=9868"}],"curies":[{"name":"wp","href":"https:\/\/api.w.org\/{rel}","templated":true}]}}