{"id":987,"date":"2020-03-16T17:44:21","date_gmt":"2020-03-16T23:44:21","guid":{"rendered":"https:\/\/encuentroinformativo.com\/?p=987"},"modified":"2020-03-16T17:44:24","modified_gmt":"2020-03-16T23:44:24","slug":"integrantes-de-racimos-acusan-violacion-a-sus-derechos","status":"publish","type":"post","link":"https:\/\/encuentroinformativo.com.mx\/?p=987","title":{"rendered":"Integrantes de RACIMOS acusan violaci\u00f3n a sus derechos"},"content":{"rendered":"\n<p><strong>Dar\u00edo Pale <\/strong><\/p>\n\n\n\n<p>Xalapa, Ver.- Indalecio S\u00e1nchez Castellanos asesor jur\u00eddico de la Red Aut\u00f3noma de Campesinos e Ind\u00edgenas, Movimientos y Organizaciones Sociales (RACIMOS), dio a conocer que ya presentaron una petici\u00f3n ante al Corte Interamericana de Derechos Humanos en contra del gobierno del estado por las violaciones de sus derechos.<\/p>\n\n\n\n<p>En conferencia de prensa realizada en conocido caf\u00e9 del centro de Xalapa, se\u00f1al\u00f3 que la petici\u00f3n es por la Consecuencia de las graves violaciones a los derecho humanos producto del ilegal desalojo de que fueron objeto los integrantes de RACIMOS.<\/p>\n\n\n\n<p>\u201cEl pasado viernes 13, previo a la inauguraci\u00f3n de la Cumbre Taj\u00edn; en el cual fueron detenidos siete de nuestros compa\u00f1eros bajo el delito de ultrajes a la autoridad; delito que, dicho sea de paso, para el caso de la Ciudad de M\u00e9xico, la Suprema Corte de Justicia de la Naci\u00f3n considera anticonstitucional; y debido a que el compa\u00f1ero Antonio Hinojosa Salda\u00f1a durante el trayecto a los separos de la polic\u00eda fue separado del grupo de compa\u00f1eros detenidos y llevado a un lugar en el cual sufri\u00f3 vejaciones, golpes y amenazas\u201d se\u00f1al\u00f3.<\/p>\n\n\n\n<p>Dio a conocer que Antonio Hinojosa, no puede determinar ni el lugar ni las personas que lo amenazaron toda vez que en todo momento desde que lo separaron del grupo, le cubrieron la cabeza, con el objeto de que no pudiera identificar ni el lugar ni a las personas.<\/p>\n\n\n\n<p>\u201cAnte esta grave situaci\u00f3n, ese mismo d\u00eda, s\u00e1bado 14 de marzo y mi car\u00e1cter de Asesor Jur\u00eddico de RACIMOS, decid\u00ed interponer ante la Comisi\u00f3n Interamericana de Derechos Humanos (CIDH) la correspondiente Petici\u00f3n por la violaci\u00f3n de derechos humanos en contra de un defensor de derechos humanos de ind\u00edgenas y campesinos, con el objeto de salvaguardar la integridad y seguridad f\u00edsica de todos y cada uno de los compa\u00f1eros de la organizaci\u00f3n, as\u00ed como garantizar que el estado mexicano, en este caso el gobierno del estado de Veracruz, finque las sanciones correspondientes a los responsables de tal condenable acci\u00f3n\u201d, inform\u00f3.<\/p>\n\n\n\n<p>Por \u00faltimo dio a conocer que los derechos humanos violados con estas deleznable acci\u00f3n del gobierno del estado son: violaci\u00f3n al derecho a la integridad f\u00edsica; violaci\u00f3n al derecho a la libertad personal; violaci\u00f3n al derecho a las garant\u00edas judiciales; violaci\u00f3n a los derechos pol\u00edticos; violaci\u00f3n al desarrollo progresivo a los derechos econ\u00f3micos, sociales y culturales; y violaci\u00f3n al derecho de pensamiento y de expresi\u00f3n.<\/p>\n\n\n\n<p><\/p>\n","protected":false},"excerpt":{"rendered":"<p>Dar\u00edo Pale Xalapa, Ver.- Indalecio S\u00e1nchez Castellanos asesor jur\u00eddico de la Red Aut\u00f3noma de Campesinos e Ind\u00edgenas, Movimientos y Organizaciones Sociales (RACIMOS), dio a conocer que ya presentaron una petici\u00f3n ante al Corte Interamericana de Derechos Humanos en contra del gobierno del estado por las violaciones de sus derechos. En conferencia de prensa realizada en [&hellip;]<\/p>\n","protected":false},"author":1,"featured_media":988,"comment_status":"open","ping_status":"open","sticky":false,"template":"","format":"standard","meta":{"_jetpack_memberships_contains_paid_content":false,"footnotes":""},"categories":[2],"tags":[],"class_list":["post-987","post","type-post","status-publish","format-standard","has-post-thumbnail","hentry","category-estado"],"jetpack_featured_media_url":"https:\/\/encuentroinformativo.com.mx\/wp-content\/uploads\/2020\/03\/D769932A-A74D-4F6C-949E-7787ABD79BF5.jpeg","jetpack_sharing_enabled":true,"jetpack_likes_enabled":true,"amp_enabled":true,"_links":{"self":[{"href":"https:\/\/encuentroinformativo.com.mx\/index.php?rest_route=\/wp\/v2\/posts\/987","targetHints":{"allow":["GET"]}}],"collection":[{"href":"https:\/\/encuentroinformativo.com.mx\/index.php?rest_route=\/wp\/v2\/posts"}],"about":[{"href":"https:\/\/encuentroinformativo.com.mx\/index.php?rest_route=\/wp\/v2\/types\/post"}],"author":[{"embeddable":true,"href":"https:\/\/encuentroinformativo.com.mx\/index.php?rest_route=\/wp\/v2\/users\/1"}],"replies":[{"embeddable":true,"href":"https:\/\/encuentroinformativo.com.mx\/index.php?rest_route=%2Fwp%2Fv2%2Fcomments&post=987"}],"version-history":[{"count":1,"href":"https:\/\/encuentroinformativo.com.mx\/index.php?rest_route=\/wp\/v2\/posts\/987\/revisions"}],"predecessor-version":[{"id":989,"href":"https:\/\/encuentroinformativo.com.mx\/index.php?rest_route=\/wp\/v2\/posts\/987\/revisions\/989"}],"wp:featuredmedia":[{"embeddable":true,"href":"https:\/\/encuentroinformativo.com.mx\/index.php?rest_route=\/wp\/v2\/media\/988"}],"wp:attachment":[{"href":"https:\/\/encuentroinformativo.com.mx\/index.php?rest_route=%2Fwp%2Fv2%2Fmedia&parent=987"}],"wp:term":[{"taxonomy":"category","embeddable":true,"href":"https:\/\/encuentroinformativo.com.mx\/index.php?rest_route=%2Fwp%2Fv2%2Fcategories&post=987"},{"taxonomy":"post_tag","embeddable":true,"href":"https:\/\/encuentroinformativo.com.mx\/index.php?rest_route=%2Fwp%2Fv2%2Ftags&post=987"}],"curies":[{"name":"wp","href":"https:\/\/api.w.org\/{rel}","templated":true}]}}