{"id":9872,"date":"2021-01-08T17:00:16","date_gmt":"2021-01-08T23:00:16","guid":{"rendered":"https:\/\/encuentroinformativo.com.mx\/?p=9872"},"modified":"2021-01-08T17:00:18","modified_gmt":"2021-01-08T23:00:18","slug":"registra-coatepec-69-defunciones-por-covid","status":"publish","type":"post","link":"https:\/\/encuentroinformativo.com.mx\/?p=9872","title":{"rendered":"Registra Coatepec  69 defunciones por COVID"},"content":{"rendered":"\n<p><strong>Juan Arcos <\/strong><\/p>\n\n\n\n<p>Coatepec, Ver.- El municipio de Coatepec report\u00f3 310 casos positivos acumulados, 111 sospechosos y 69 defunciones por SARS-COV-2 (COVID-19).<\/p>\n\n\n\n<p>El alcalde Luis Enrique Fern\u00e1ndez Peredo inform\u00f3 que, de acuerdo con datos de la Secretar\u00eda de Salud de Veracruz (SS), hay registro de cuatro casos activos y que representan mayor riesgo por haber iniciado en los \u00faltimos 14 d\u00edas.<\/p>\n\n\n\n<p>\u201c\u00a1No debemos de bajar la guardia! Debemos seguir manteniendo las medidas de prevenci\u00f3n sanitarias, el uso del cubrebocas es obligatorio en Coatepec. \u00a1La prevenci\u00f3n es nuestra mejor defensa!\u201d, expresa en sus redes sociales.<\/p>\n\n\n\n<p>Aunque las autoridades sanitarias y el mismo gobernador Cuitl\u00e1huac Garc\u00eda Jim\u00e9nez recomendaron evitar las fiestas en Navidad y fin de a\u00f1o, en algunos domicilios del Pueblo M\u00e1gico desacataron dicha situaci\u00f3n.<\/p>\n\n\n\n<p>Se realizaron fiestas particulares en distintos puntos de la peque\u00f1a ciudad, donde fue notoria la presencia de decenas de personas.<\/p>\n\n\n\n<p>Incluso, el mercado Miguel Rebolledo y los centros comerciales fueron abarrotados por las compras de \u00faltimo minuto, al igual que en Xalapa y otras ciudades de la entidad.<\/p>\n\n\n\n<p>Ademas, la gente cierra calles y recibe a decenas de acompa\u00f1antes para el velorio de sus familiares o amigos.<\/p>\n\n\n\n<p>Cada vez m\u00e1s personas utilizan cubrebocas o protecci\u00f3n facial; sin embargo, sigue habiendo aglomeraciones, lo que eleva el riesgo de contagio.<\/p>\n","protected":false},"excerpt":{"rendered":"<p>Juan Arcos Coatepec, Ver.- El municipio de Coatepec report\u00f3 310 casos positivos acumulados, 111 sospechosos y 69 defunciones por SARS-COV-2 (COVID-19). El alcalde Luis Enrique Fern\u00e1ndez Peredo inform\u00f3 que, de acuerdo con datos de la Secretar\u00eda de Salud de Veracruz (SS), hay registro de cuatro casos activos y que representan mayor riesgo por haber iniciado [&hellip;]<\/p>\n","protected":false},"author":1,"featured_media":9873,"comment_status":"open","ping_status":"open","sticky":false,"template":"","format":"standard","meta":{"_jetpack_memberships_contains_paid_content":false,"footnotes":""},"categories":[9],"tags":[],"class_list":["post-9872","post","type-post","status-publish","format-standard","has-post-thumbnail","hentry","category-salud"],"jetpack_featured_media_url":"https:\/\/encuentroinformativo.com.mx\/wp-content\/uploads\/2021\/01\/279B9417-F9B3-41B8-93ED-3ECB6B9BC1BA.jpeg","jetpack_sharing_enabled":true,"jetpack_likes_enabled":true,"amp_enabled":true,"_links":{"self":[{"href":"https:\/\/encuentroinformativo.com.mx\/index.php?rest_route=\/wp\/v2\/posts\/9872","targetHints":{"allow":["GET"]}}],"collection":[{"href":"https:\/\/encuentroinformativo.com.mx\/index.php?rest_route=\/wp\/v2\/posts"}],"about":[{"href":"https:\/\/encuentroinformativo.com.mx\/index.php?rest_route=\/wp\/v2\/types\/post"}],"author":[{"embeddable":true,"href":"https:\/\/encuentroinformativo.com.mx\/index.php?rest_route=\/wp\/v2\/users\/1"}],"replies":[{"embeddable":true,"href":"https:\/\/encuentroinformativo.com.mx\/index.php?rest_route=%2Fwp%2Fv2%2Fcomments&post=9872"}],"version-history":[{"count":1,"href":"https:\/\/encuentroinformativo.com.mx\/index.php?rest_route=\/wp\/v2\/posts\/9872\/revisions"}],"predecessor-version":[{"id":9874,"href":"https:\/\/encuentroinformativo.com.mx\/index.php?rest_route=\/wp\/v2\/posts\/9872\/revisions\/9874"}],"wp:featuredmedia":[{"embeddable":true,"href":"https:\/\/encuentroinformativo.com.mx\/index.php?rest_route=\/wp\/v2\/media\/9873"}],"wp:attachment":[{"href":"https:\/\/encuentroinformativo.com.mx\/index.php?rest_route=%2Fwp%2Fv2%2Fmedia&parent=9872"}],"wp:term":[{"taxonomy":"category","embeddable":true,"href":"https:\/\/encuentroinformativo.com.mx\/index.php?rest_route=%2Fwp%2Fv2%2Fcategories&post=9872"},{"taxonomy":"post_tag","embeddable":true,"href":"https:\/\/encuentroinformativo.com.mx\/index.php?rest_route=%2Fwp%2Fv2%2Ftags&post=9872"}],"curies":[{"name":"wp","href":"https:\/\/api.w.org\/{rel}","templated":true}]}}