{"id":9878,"date":"2021-01-09T14:21:53","date_gmt":"2021-01-09T20:21:53","guid":{"rendered":"https:\/\/encuentroinformativo.com.mx\/?p=9878"},"modified":"2021-01-09T14:22:23","modified_gmt":"2021-01-09T20:22:23","slug":"hay-fuerzas-politicas-con-cerrazon-prd","status":"publish","type":"post","link":"https:\/\/encuentroinformativo.com.mx\/?p=9878","title":{"rendered":"Hay fuerzas pol\u00edticas con cerraz\u00f3n: PRD"},"content":{"rendered":"\n<p><strong>Dar\u00edo Pale <\/strong><\/p>\n\n\n\n<p>Xalapa, Ver.- La alianza PRI-PAN-PRD se tambalea en Veracruz,\u00a0incluso este domingo dar\u00e1n conferencia de prensa en esta capital, por \u00e9sta situaci\u00f3n, as\u00ed lo dio a conocer el\u00a0dirigente estatal del Partido de la Revoluci\u00f3n Democr\u00e1tica, Sergio Cadena Mart\u00ednez.<\/p>\n\n\n\n<p>En entrevista dio a conocer que,\u00a0&#8220;vamos a fijar nuestra posici\u00f3n. Ha habido muchas trabas y los tiempos van avanzando y si de parte de alguna fuerza pol\u00edtica hay cerraz\u00f3n y nada m\u00e1s piensan en ellos y no piensan en la sociedad&#8221;.<\/p>\n\n\n\n<p>&#8220;Ellos nada m\u00e1s piensan que van por una presidencia, una diputaci\u00f3n, nosotros estamos pensando que estamos jugando el futuro de generaciones. Entonces ante esa cerraz\u00f3n, el PRD no comparte esa cerraz\u00f3n y esa ambici\u00f3n&#8221;, agreg\u00f3.<\/p>\n\n\n\n<p>Por lo anterior advirti\u00f3 que el PRD estar\u00eda dispuesto a ir o con otras fuerzas pol\u00edticas o ir solos, en ese sentido, afirm\u00f3 que est\u00e1n preparados para cualquier escenario.<\/p>\n\n\n\n<p>Sostuvo que no se sujetar\u00e1n al &#8220;capricho&#8221; de una fuerza pol\u00edtica que se cree superior a los que est\u00e1n en la mesa y que adem\u00e1s quiere poner sus condiciones por encima de lo que los ciudadanos est\u00e1n pensando o lo que los ciudadanos quieren.<\/p>\n\n\n\n<p>Finalmente dio a conocer que el PRD cree que los ciudadanos s\u00ed quieren una alianza fuerte, s\u00f3lida, pero no van a &#8220;sacrificar&#8221; sus fuerzas, sus municipios o regiones donde tienen fortalezas por &#8220;caprichos&#8221; de otro partido.<\/p>\n","protected":false},"excerpt":{"rendered":"<p>Dar\u00edo Pale Xalapa, Ver.- La alianza PRI-PAN-PRD se tambalea en Veracruz,\u00a0incluso este domingo dar\u00e1n conferencia de prensa en esta capital, por \u00e9sta situaci\u00f3n, as\u00ed lo dio a conocer el\u00a0dirigente estatal del Partido de la Revoluci\u00f3n Democr\u00e1tica, Sergio Cadena Mart\u00ednez. En entrevista dio a conocer que,\u00a0&#8220;vamos a fijar nuestra posici\u00f3n. Ha habido muchas trabas y los [&hellip;]<\/p>\n","protected":false},"author":1,"featured_media":9879,"comment_status":"open","ping_status":"open","sticky":false,"template":"","format":"standard","meta":{"_jetpack_memberships_contains_paid_content":false,"footnotes":""},"categories":[2],"tags":[],"class_list":["post-9878","post","type-post","status-publish","format-standard","has-post-thumbnail","hentry","category-estado"],"jetpack_featured_media_url":"https:\/\/encuentroinformativo.com.mx\/wp-content\/uploads\/2021\/01\/933CA578-362A-45AC-A706-914AFB63B75C.jpeg","jetpack_sharing_enabled":true,"jetpack_likes_enabled":true,"amp_enabled":true,"_links":{"self":[{"href":"https:\/\/encuentroinformativo.com.mx\/index.php?rest_route=\/wp\/v2\/posts\/9878","targetHints":{"allow":["GET"]}}],"collection":[{"href":"https:\/\/encuentroinformativo.com.mx\/index.php?rest_route=\/wp\/v2\/posts"}],"about":[{"href":"https:\/\/encuentroinformativo.com.mx\/index.php?rest_route=\/wp\/v2\/types\/post"}],"author":[{"embeddable":true,"href":"https:\/\/encuentroinformativo.com.mx\/index.php?rest_route=\/wp\/v2\/users\/1"}],"replies":[{"embeddable":true,"href":"https:\/\/encuentroinformativo.com.mx\/index.php?rest_route=%2Fwp%2Fv2%2Fcomments&post=9878"}],"version-history":[{"count":1,"href":"https:\/\/encuentroinformativo.com.mx\/index.php?rest_route=\/wp\/v2\/posts\/9878\/revisions"}],"predecessor-version":[{"id":9880,"href":"https:\/\/encuentroinformativo.com.mx\/index.php?rest_route=\/wp\/v2\/posts\/9878\/revisions\/9880"}],"wp:featuredmedia":[{"embeddable":true,"href":"https:\/\/encuentroinformativo.com.mx\/index.php?rest_route=\/wp\/v2\/media\/9879"}],"wp:attachment":[{"href":"https:\/\/encuentroinformativo.com.mx\/index.php?rest_route=%2Fwp%2Fv2%2Fmedia&parent=9878"}],"wp:term":[{"taxonomy":"category","embeddable":true,"href":"https:\/\/encuentroinformativo.com.mx\/index.php?rest_route=%2Fwp%2Fv2%2Fcategories&post=9878"},{"taxonomy":"post_tag","embeddable":true,"href":"https:\/\/encuentroinformativo.com.mx\/index.php?rest_route=%2Fwp%2Fv2%2Ftags&post=9878"}],"curies":[{"name":"wp","href":"https:\/\/api.w.org\/{rel}","templated":true}]}}