{"id":9881,"date":"2021-01-09T14:33:14","date_gmt":"2021-01-09T20:33:14","guid":{"rendered":"https:\/\/encuentroinformativo.com.mx\/?p=9881"},"modified":"2021-01-09T14:33:16","modified_gmt":"2021-01-09T20:33:16","slug":"para-hoteleros-prioridad-que-sobrevivan-empresas-cometur","status":"publish","type":"post","link":"https:\/\/encuentroinformativo.com.mx\/?p=9881","title":{"rendered":"Para hoteleros, prioridad que sobrevivan empresas: COMETUR"},"content":{"rendered":"\n<p><strong>Alejandro \u00c1vila<\/strong><\/p>\n\n\n\n<p>Veracruz, Ver.- Debido a la pandemia por COVID-19 y el posible rebrote, las expectativas de los empresarios hoteleros para el mes de diciembre, no se cumplieron, aunque reconocen que el panorama que vislumbraban se cumpli\u00f3; es decir, se lleg\u00f3 a una ocupaci\u00f3n del 35 a 40 por ciento.<\/p>\n\n\n\n<p>Sergio Lois Heredia, presidente del Consejo Metropolitano de Turismo (COMETUR), se\u00f1alo que esperaban mantener estas cifras, las cuales se dieron en noviembre, aunque reconoci\u00f3 los primeros d\u00edas de diciembre parec\u00eda no las iban a alcanzar.<\/p>\n\n\n\n<p>\u201cLos primeros d\u00edas de diciembre fueron muy complicados, y no los primeros d\u00edas, pr\u00e1cticamente todos, porque fue como del 1 al 25 que fueron muy complicados, y bueno ya fue como la \u00faltima semana que aument\u00f3 la afluencia tur\u00edstica, y gracias a eso es como se pudo igual la ocupaci\u00f3n en diciembre como se tuvo en noviembre\u201d, apunt\u00f3.<\/p>\n\n\n\n<p>El empresario mencion\u00f3 que debido a la pandemia, no hay posibilidad de que se diga tuvieron un \u201cbuen a\u00f1o\u201d, ya que desde que inici\u00f3 la misma y comenzaron a ver las dificultades en las que se vieron inmiscuidos, el objetivo cambi\u00f3 y fue priorizar que las empresas subsistieran.<\/p>\n\n\n\n<p>\u201cEl objetivo para este a\u00f1o va a ser que sobrevivan las empresa y que se mantenga la plantilla laboral, el a\u00f1o pasado desafortunadamente se tuvieron que hacer reducciones en lo que es la plantilla laboral, este a\u00f1o no creemos que se pueda recuperar lo que se perdi\u00f3 el a\u00f1o pasado, pero lo que s\u00ed, pues ojal\u00e1 se pueda dar es que sobrevivan las empresa y que se mantenga lo que es toda la plantilla laboral sin recortes, eso ser\u00eda lo ideal\u201d, resalt\u00f3.<\/p>\n\n\n\n<p>Finalmente, reconoci\u00f3 que enero es un mes muy dif\u00edcil en la hoteler\u00eda y en Veracruz se recuperaban un poco con Carnaval, mismo que ha quedado suspendido por el momento; en ese sentido, dijo que de su parte deben continuar dando una alta calidad en su servicio, con las medidas sanitarias necesarias, para que los clientes se sientan seguros al venir a Veracruz, adem\u00e1s, pidi\u00f3 a las autoridades gubernamentales, no cesar en la promoci\u00f3n tur\u00edstica del Estado y en especial de los municipios de Veracruz y Boca del R\u00edo.<\/p>\n","protected":false},"excerpt":{"rendered":"<p>Alejandro \u00c1vila Veracruz, Ver.- Debido a la pandemia por COVID-19 y el posible rebrote, las expectativas de los empresarios hoteleros para el mes de diciembre, no se cumplieron, aunque reconocen que el panorama que vislumbraban se cumpli\u00f3; es decir, se lleg\u00f3 a una ocupaci\u00f3n del 35 a 40 por ciento. Sergio Lois Heredia, presidente del [&hellip;]<\/p>\n","protected":false},"author":1,"featured_media":9882,"comment_status":"open","ping_status":"open","sticky":false,"template":"","format":"standard","meta":{"_jetpack_memberships_contains_paid_content":false,"footnotes":""},"categories":[2],"tags":[],"class_list":["post-9881","post","type-post","status-publish","format-standard","has-post-thumbnail","hentry","category-estado"],"jetpack_featured_media_url":"https:\/\/encuentroinformativo.com.mx\/wp-content\/uploads\/2021\/01\/E2BD3D31-DF14-4E8E-AE7C-ACE6E8D5D1C7.jpeg","jetpack_sharing_enabled":true,"jetpack_likes_enabled":true,"amp_enabled":true,"_links":{"self":[{"href":"https:\/\/encuentroinformativo.com.mx\/index.php?rest_route=\/wp\/v2\/posts\/9881","targetHints":{"allow":["GET"]}}],"collection":[{"href":"https:\/\/encuentroinformativo.com.mx\/index.php?rest_route=\/wp\/v2\/posts"}],"about":[{"href":"https:\/\/encuentroinformativo.com.mx\/index.php?rest_route=\/wp\/v2\/types\/post"}],"author":[{"embeddable":true,"href":"https:\/\/encuentroinformativo.com.mx\/index.php?rest_route=\/wp\/v2\/users\/1"}],"replies":[{"embeddable":true,"href":"https:\/\/encuentroinformativo.com.mx\/index.php?rest_route=%2Fwp%2Fv2%2Fcomments&post=9881"}],"version-history":[{"count":1,"href":"https:\/\/encuentroinformativo.com.mx\/index.php?rest_route=\/wp\/v2\/posts\/9881\/revisions"}],"predecessor-version":[{"id":9883,"href":"https:\/\/encuentroinformativo.com.mx\/index.php?rest_route=\/wp\/v2\/posts\/9881\/revisions\/9883"}],"wp:featuredmedia":[{"embeddable":true,"href":"https:\/\/encuentroinformativo.com.mx\/index.php?rest_route=\/wp\/v2\/media\/9882"}],"wp:attachment":[{"href":"https:\/\/encuentroinformativo.com.mx\/index.php?rest_route=%2Fwp%2Fv2%2Fmedia&parent=9881"}],"wp:term":[{"taxonomy":"category","embeddable":true,"href":"https:\/\/encuentroinformativo.com.mx\/index.php?rest_route=%2Fwp%2Fv2%2Fcategories&post=9881"},{"taxonomy":"post_tag","embeddable":true,"href":"https:\/\/encuentroinformativo.com.mx\/index.php?rest_route=%2Fwp%2Fv2%2Ftags&post=9881"}],"curies":[{"name":"wp","href":"https:\/\/api.w.org\/{rel}","templated":true}]}}