{"id":9890,"date":"2021-01-10T13:03:56","date_gmt":"2021-01-10T19:03:56","guid":{"rendered":"https:\/\/encuentroinformativo.com.mx\/?p=9890"},"modified":"2021-01-10T13:03:59","modified_gmt":"2021-01-10T19:03:59","slug":"por-intereses-oscuros-pan-dejo-la-alianza-acusa-prd","status":"publish","type":"post","link":"https:\/\/encuentroinformativo.com.mx\/?p=9890","title":{"rendered":"Por \u201cintereses oscuros\u201d PAN dej\u00f3 la alianza, acusa PRD"},"content":{"rendered":"\n<p><strong>Juan Arcos <\/strong><\/p>\n\n\n\n<p>Xalapa, Ver.- El dirigente estatal del Partido de la Revoluci\u00f3n Democr\u00e1tica (PRD), Sergio Cadena Mart\u00ednez, confirm\u00f3 que logr\u00f3 concretarse una alianza de oposici\u00f3n solo con el Partido Revolucionario Institucional (PRI), quedando fuera el Partido Acci\u00f3n Nacional (PAN).<\/p>\n\n\n\n<p>El l\u00edder perredista se\u00f1al\u00f3 al dirigente del PAN, Joaqu\u00edn Guzm\u00e1n Avil\u00e9s, de ego\u00edsta, autoritario, mentiroso y soberbio, en el proceso de negociaci\u00f3n para acordar una coalici\u00f3n entre PRI, PAN y PRD.<\/p>\n\n\n\n<p>\u201cEn el PRD, los acuerdos pol\u00edticos no se logran con posturas soberbias, pretendiendo imponer en la mesa decisiones necias e inamovibles, estas conductas han enturbiado la ruta trazada de las negociaciones, al prevalecer una postura que s\u00f3lo privilegia intereses partidarios, personales y grupales. El desd\u00e9n y la soberbia que ha mostrado la dirigencia panista ha dificultado la concreci\u00f3n de acuerdos\u201d.<\/p>\n\n\n\n<p>En rueda de prensa, el dirigente del Sol Azteca indic\u00f3 que no se puede ofertar democracia a las y los veracruzanos si las imposiciones son permitidas y toleradas por los aliados.<\/p>\n\n\n\n<p>\u201cLa falta de compromiso serio y la imposici\u00f3n acaban con el m\u00ednimo de confianza para llegar a un acuerdo, incluso, dejan entrever que no hay intereses de cumplir con la palabra empe\u00f1ada porque est\u00e1n obligados a obedecer instrucciones ordenadas desde Palacio de Gobierno, para que esta alianza, que es una exigencia de la ciudadan\u00eda Veracruzana no se concrete\u201d.<\/p>\n\n\n\n<p>En tono molesto, Cadena Mart\u00ednez consider\u00f3 \u201cdecepcionante\u201d que el dirigente estatal del PAN intente tergiversar las causas de una ruptura pol\u00edtica que \u00e9l mismo genera.<\/p>\n\n\n\n<p>\u201cManifestar su buena fe y disposici\u00f3n, cuando no la ha habido, es de c\u00ednicos y de mentirosos. Ante esta situaci\u00f3n, el Partido de la Revoluci\u00f3n Democr\u00e1tica refrenda su compromiso con las y los veracruzanos y reitera el llamado a construir un gran frente opositor en alianza con el Partido Revolucionario Institucional y otras fuerzas pol\u00edticas, sociales, econ\u00f3micas\u201d.<\/p>\n\n\n\n<p>Adem\u00e1s, dijo que el PRD y el PRI dejan la \u201cpuerta abierta\u201d al Partido Acci\u00f3n Nacional para que recapacite y, por el bien de Veracruz, asuma su papel de opini\u00f3n responsable y deje de obedecer a intereses oscuros que impiden el desarrollo de Veracruz.<\/p>\n","protected":false},"excerpt":{"rendered":"<p>Juan Arcos Xalapa, Ver.- El dirigente estatal del Partido de la Revoluci\u00f3n Democr\u00e1tica (PRD), Sergio Cadena Mart\u00ednez, confirm\u00f3 que logr\u00f3 concretarse una alianza de oposici\u00f3n solo con el Partido Revolucionario Institucional (PRI), quedando fuera el Partido Acci\u00f3n Nacional (PAN). El l\u00edder perredista se\u00f1al\u00f3 al dirigente del PAN, Joaqu\u00edn Guzm\u00e1n Avil\u00e9s, de ego\u00edsta, autoritario, mentiroso y [&hellip;]<\/p>\n","protected":false},"author":1,"featured_media":9891,"comment_status":"open","ping_status":"open","sticky":false,"template":"","format":"standard","meta":{"_jetpack_memberships_contains_paid_content":false,"footnotes":""},"categories":[2],"tags":[],"class_list":["post-9890","post","type-post","status-publish","format-standard","has-post-thumbnail","hentry","category-estado"],"jetpack_featured_media_url":"https:\/\/encuentroinformativo.com.mx\/wp-content\/uploads\/2021\/01\/4F30D730-4FA8-4F74-A483-7C0287AAA86A.jpeg","jetpack_sharing_enabled":true,"jetpack_likes_enabled":true,"amp_enabled":true,"_links":{"self":[{"href":"https:\/\/encuentroinformativo.com.mx\/index.php?rest_route=\/wp\/v2\/posts\/9890","targetHints":{"allow":["GET"]}}],"collection":[{"href":"https:\/\/encuentroinformativo.com.mx\/index.php?rest_route=\/wp\/v2\/posts"}],"about":[{"href":"https:\/\/encuentroinformativo.com.mx\/index.php?rest_route=\/wp\/v2\/types\/post"}],"author":[{"embeddable":true,"href":"https:\/\/encuentroinformativo.com.mx\/index.php?rest_route=\/wp\/v2\/users\/1"}],"replies":[{"embeddable":true,"href":"https:\/\/encuentroinformativo.com.mx\/index.php?rest_route=%2Fwp%2Fv2%2Fcomments&post=9890"}],"version-history":[{"count":1,"href":"https:\/\/encuentroinformativo.com.mx\/index.php?rest_route=\/wp\/v2\/posts\/9890\/revisions"}],"predecessor-version":[{"id":9892,"href":"https:\/\/encuentroinformativo.com.mx\/index.php?rest_route=\/wp\/v2\/posts\/9890\/revisions\/9892"}],"wp:featuredmedia":[{"embeddable":true,"href":"https:\/\/encuentroinformativo.com.mx\/index.php?rest_route=\/wp\/v2\/media\/9891"}],"wp:attachment":[{"href":"https:\/\/encuentroinformativo.com.mx\/index.php?rest_route=%2Fwp%2Fv2%2Fmedia&parent=9890"}],"wp:term":[{"taxonomy":"category","embeddable":true,"href":"https:\/\/encuentroinformativo.com.mx\/index.php?rest_route=%2Fwp%2Fv2%2Fcategories&post=9890"},{"taxonomy":"post_tag","embeddable":true,"href":"https:\/\/encuentroinformativo.com.mx\/index.php?rest_route=%2Fwp%2Fv2%2Ftags&post=9890"}],"curies":[{"name":"wp","href":"https:\/\/api.w.org\/{rel}","templated":true}]}}