{"id":9893,"date":"2021-01-10T13:52:55","date_gmt":"2021-01-10T19:52:55","guid":{"rendered":"https:\/\/encuentroinformativo.com.mx\/?p=9893"},"modified":"2021-01-10T13:52:58","modified_gmt":"2021-01-10T19:52:58","slug":"pan-queria-pastel-completo-marlon-ramirez","status":"publish","type":"post","link":"https:\/\/encuentroinformativo.com.mx\/?p=9893","title":{"rendered":"PAN quer\u00eda pastel completo: Marlon Ram\u00edrez"},"content":{"rendered":"\n<p><strong>Juan Arcos <\/strong><\/p>\n\n\n\n<p>Xalapa, Ver.- No se podr\u00eda concretar una alianza electoral con el Partido Acci\u00f3n Nacional (PAN), si \u00e9ste pretende quedarse con todos lo beneficios, declar\u00f3 el dirigente estatal del Partido Revolucionario Institucional (PRI), Marlon Ram\u00edrez Mar\u00edn.<\/p>\n\n\n\n<p>El l\u00edder priista record\u00f3 que la alianza \u201cVamos por Veracruz\u201d solo la integran el tricolor y el Partido de la Revoluci\u00f3n Democr\u00e1tica (PRD).\u00a0<br>En rueda de prensa, indic\u00f3 que el dirigente estatal del PAN, Joaqu\u00edn Guzm\u00e1n Avil\u00e9s, planeaba que su partido pol\u00edtico encabezara 17 de los 30 distritos electorales.<\/p>\n\n\n\n<p>\u201cNo es posible establecer una alianza en donde una fuerza pol\u00edtica pr\u00e1cticamente es la \u00fanica que se beneficia con \u00e9sta y en donde las otras fuerzas pol\u00edticas solamente lo acompa\u00f1an para que ella gane y las otras fuerzas que requieren el respaldo no lo reciben\u201d.\u00a0<\/p>\n\n\n\n<p>Indic\u00f3 que el PRI y el PRD lo \u00fanico que est\u00e1n pidiendo es equilibrio y compensaci\u00f3n para poder llegar a acuerdos que favorezcan a la alianza opositora en la entidad veracruzana.\u00a0<br>Record\u00f3 que en la construcci\u00f3n de la alianza federal, el tricolor solamente encabez\u00f3 cuatro diputaciones federales, el Sol Azteca seis y el PAN nueve.<\/p>\n\n\n\n<p>\u201cEsto nos obliga a nosotros a tener que compensar abajo, es una l\u00f3gica muy simple \u00bfc\u00f3mo va a ser posible que en un Distrito electoral Federal, local y municipal sea una sola fuerza pol\u00edtica que encabeza los esfuerzos sin que ninguna de las otras dos pueda compensar?, es decir, operativa y pol\u00edticamente resulta imposible que esto pueda ser\u201d.<\/p>\n\n\n\n<p>Ram\u00edrez Mar\u00edn a\u00f1adi\u00f3 que, en las negociaciones, la dirigencia priista hizo un planteamiento, mismo que respald\u00f3 el PRD, para que se construyera una alianza parcial en algunos distritos y as\u00ed mantuvieran su votaci\u00f3n.<\/p>\n\n\n\n<p>\u201cNo se trata de que nosotros regateemos el crecimiento electoral que tuvo en los \u00faltimos tres o cuatro a\u00f1os Acci\u00f3n Nacional, si nosotros estuvi\u00e9ramos hablando de las cifras y de los n\u00fameros echar\u00edamos mano de las cifras de 2007 al 2015 y entonces estar\u00edamos en una posici\u00f3n de no construir\u201d, enfatiz\u00f3.<\/p>\n\n\n\n<p>El l\u00edder priista refiri\u00f3 que la alianza \u201cVamos por Veracruz\u201d est\u00e1 en la disposici\u00f3n de que m\u00e1s partidos, frentes y asociacines se sumen, en beneficio de la entidad.<\/p>\n","protected":false},"excerpt":{"rendered":"<p>Juan Arcos Xalapa, Ver.- No se podr\u00eda concretar una alianza electoral con el Partido Acci\u00f3n Nacional (PAN), si \u00e9ste pretende quedarse con todos lo beneficios, declar\u00f3 el dirigente estatal del Partido Revolucionario Institucional (PRI), Marlon Ram\u00edrez Mar\u00edn. El l\u00edder priista record\u00f3 que la alianza \u201cVamos por Veracruz\u201d solo la integran el tricolor y el Partido [&hellip;]<\/p>\n","protected":false},"author":1,"featured_media":9894,"comment_status":"open","ping_status":"open","sticky":false,"template":"","format":"standard","meta":{"_jetpack_memberships_contains_paid_content":false,"footnotes":""},"categories":[2],"tags":[],"class_list":["post-9893","post","type-post","status-publish","format-standard","has-post-thumbnail","hentry","category-estado"],"jetpack_featured_media_url":"https:\/\/encuentroinformativo.com.mx\/wp-content\/uploads\/2021\/01\/FF06173F-4D90-43C3-AEBB-8BA763DEE7B0.jpeg","jetpack_sharing_enabled":true,"jetpack_likes_enabled":true,"amp_enabled":true,"_links":{"self":[{"href":"https:\/\/encuentroinformativo.com.mx\/index.php?rest_route=\/wp\/v2\/posts\/9893","targetHints":{"allow":["GET"]}}],"collection":[{"href":"https:\/\/encuentroinformativo.com.mx\/index.php?rest_route=\/wp\/v2\/posts"}],"about":[{"href":"https:\/\/encuentroinformativo.com.mx\/index.php?rest_route=\/wp\/v2\/types\/post"}],"author":[{"embeddable":true,"href":"https:\/\/encuentroinformativo.com.mx\/index.php?rest_route=\/wp\/v2\/users\/1"}],"replies":[{"embeddable":true,"href":"https:\/\/encuentroinformativo.com.mx\/index.php?rest_route=%2Fwp%2Fv2%2Fcomments&post=9893"}],"version-history":[{"count":1,"href":"https:\/\/encuentroinformativo.com.mx\/index.php?rest_route=\/wp\/v2\/posts\/9893\/revisions"}],"predecessor-version":[{"id":9895,"href":"https:\/\/encuentroinformativo.com.mx\/index.php?rest_route=\/wp\/v2\/posts\/9893\/revisions\/9895"}],"wp:featuredmedia":[{"embeddable":true,"href":"https:\/\/encuentroinformativo.com.mx\/index.php?rest_route=\/wp\/v2\/media\/9894"}],"wp:attachment":[{"href":"https:\/\/encuentroinformativo.com.mx\/index.php?rest_route=%2Fwp%2Fv2%2Fmedia&parent=9893"}],"wp:term":[{"taxonomy":"category","embeddable":true,"href":"https:\/\/encuentroinformativo.com.mx\/index.php?rest_route=%2Fwp%2Fv2%2Fcategories&post=9893"},{"taxonomy":"post_tag","embeddable":true,"href":"https:\/\/encuentroinformativo.com.mx\/index.php?rest_route=%2Fwp%2Fv2%2Ftags&post=9893"}],"curies":[{"name":"wp","href":"https:\/\/api.w.org\/{rel}","templated":true}]}}