{"id":9902,"date":"2021-01-10T17:06:40","date_gmt":"2021-01-10T23:06:40","guid":{"rendered":"https:\/\/encuentroinformativo.com.mx\/?p=9902"},"modified":"2021-01-10T17:06:43","modified_gmt":"2021-01-10T23:06:43","slug":"en-coatepec-pandemia-freno-iniciativa-para-regular-uso-de-plasticos","status":"publish","type":"post","link":"https:\/\/encuentroinformativo.com.mx\/?p=9902","title":{"rendered":"En Coatepec, pandemia fren\u00f3 iniciativa para regular uso de pl\u00e1sticos"},"content":{"rendered":"\n<p><strong>Juan Arcos <\/strong><\/p>\n\n\n\n<p>Coatepec, Ver.- La pandemia del SARS-COV-2 (COVID-19) fren\u00f3 la iniciativa para disminuir el uso de pl\u00e1sticos en los establecimientos del municipio de Coatepec.<\/p>\n\n\n\n<p>As\u00ed lo dio a conocer el regidor tercero del ayuntamiento de Coatepec, Jorge Ignacio Luna Hern\u00e1ndez, quien adem\u00e1s record\u00f3 que el a\u00f1o pasado se public\u00f3 en la Gaceta Municipal una reforma al Reglamento de Ecolog\u00eda que fue aprobada por el Cabildo.<\/p>\n\n\n\n<p>Se buscaba evitar o disminuir el uso de bolsas de pl\u00e1stico, unicel y popotes, con el prop\u00f3sito de contrarrestar la contaminaci\u00f3n y los da\u00f1os ambientales.<\/p>\n\n\n\n<p>El edil coment\u00f3 que desde el a\u00f1o pasado gir\u00f3 un oficio al alcalde Luis Enrique Fern\u00e1ndez Peredo, para que el Departamento de Medio Ambiente emprendiera acciones operativas.<\/p>\n\n\n\n<p>\u201cEllos tendr\u00edan ya que estar llevando a cabo campa\u00f1as de concienciaci\u00f3n, tendr\u00eda que estar exhortando a los comercios a disminuir el uso de los pl\u00e1sticos; sin embargo, no lo han hecho. Entonces giramos este oficio para que cumplieran con el acuerdo de cabildo, entiendo tambi\u00e9n que es por causa de la pandemia\u201d.<\/p>\n\n\n\n<p>Mencion\u00f3 que la pandemia ha complicado el cumplimiento de la iniciativa ambiental, toda vez que se increment\u00f3 el uso de bolsas de pl\u00e1stico y recipientes desechables.<\/p>\n\n\n\n<p>\u201cSin embargo, s\u00ed podr\u00eda iniciarse ya con alg\u00fan tipo de campa\u00f1a. La pandemia pudiera ser un factor que complica la operaci\u00f3n para liberar a Coatepec de pl\u00e1sticos\u201d.<\/p>\n\n\n\n<p>Record\u00f3 que la iniciativa lleva el nombre \u201cCoatepec libre de pl\u00e1sticos\u201d y establec\u00eda fechas para que los negocios utilizaran otros materiales amigables con el medio ambiente.<\/p>\n","protected":false},"excerpt":{"rendered":"<p>Juan Arcos Coatepec, Ver.- La pandemia del SARS-COV-2 (COVID-19) fren\u00f3 la iniciativa para disminuir el uso de pl\u00e1sticos en los establecimientos del municipio de Coatepec. As\u00ed lo dio a conocer el regidor tercero del ayuntamiento de Coatepec, Jorge Ignacio Luna Hern\u00e1ndez, quien adem\u00e1s record\u00f3 que el a\u00f1o pasado se public\u00f3 en la Gaceta Municipal una [&hellip;]<\/p>\n","protected":false},"author":1,"featured_media":9903,"comment_status":"open","ping_status":"open","sticky":false,"template":"","format":"standard","meta":{"_jetpack_memberships_contains_paid_content":false,"footnotes":""},"categories":[8],"tags":[],"class_list":["post-9902","post","type-post","status-publish","format-standard","has-post-thumbnail","hentry","category-region"],"jetpack_featured_media_url":"https:\/\/encuentroinformativo.com.mx\/wp-content\/uploads\/2021\/01\/6BBC3FF8-EB81-46F2-A745-23C35086A295.jpeg","jetpack_sharing_enabled":true,"jetpack_likes_enabled":true,"amp_enabled":true,"_links":{"self":[{"href":"https:\/\/encuentroinformativo.com.mx\/index.php?rest_route=\/wp\/v2\/posts\/9902","targetHints":{"allow":["GET"]}}],"collection":[{"href":"https:\/\/encuentroinformativo.com.mx\/index.php?rest_route=\/wp\/v2\/posts"}],"about":[{"href":"https:\/\/encuentroinformativo.com.mx\/index.php?rest_route=\/wp\/v2\/types\/post"}],"author":[{"embeddable":true,"href":"https:\/\/encuentroinformativo.com.mx\/index.php?rest_route=\/wp\/v2\/users\/1"}],"replies":[{"embeddable":true,"href":"https:\/\/encuentroinformativo.com.mx\/index.php?rest_route=%2Fwp%2Fv2%2Fcomments&post=9902"}],"version-history":[{"count":1,"href":"https:\/\/encuentroinformativo.com.mx\/index.php?rest_route=\/wp\/v2\/posts\/9902\/revisions"}],"predecessor-version":[{"id":9904,"href":"https:\/\/encuentroinformativo.com.mx\/index.php?rest_route=\/wp\/v2\/posts\/9902\/revisions\/9904"}],"wp:featuredmedia":[{"embeddable":true,"href":"https:\/\/encuentroinformativo.com.mx\/index.php?rest_route=\/wp\/v2\/media\/9903"}],"wp:attachment":[{"href":"https:\/\/encuentroinformativo.com.mx\/index.php?rest_route=%2Fwp%2Fv2%2Fmedia&parent=9902"}],"wp:term":[{"taxonomy":"category","embeddable":true,"href":"https:\/\/encuentroinformativo.com.mx\/index.php?rest_route=%2Fwp%2Fv2%2Fcategories&post=9902"},{"taxonomy":"post_tag","embeddable":true,"href":"https:\/\/encuentroinformativo.com.mx\/index.php?rest_route=%2Fwp%2Fv2%2Ftags&post=9902"}],"curies":[{"name":"wp","href":"https:\/\/api.w.org\/{rel}","templated":true}]}}