{"id":9907,"date":"2021-01-11T09:29:44","date_gmt":"2021-01-11T15:29:44","guid":{"rendered":"https:\/\/encuentroinformativo.com.mx\/?p=9907"},"modified":"2021-01-11T09:29:47","modified_gmt":"2021-01-11T15:29:47","slug":"cuando-odiaban-al-pri","status":"publish","type":"post","link":"https:\/\/encuentroinformativo.com.mx\/?p=9907","title":{"rendered":"CUANDO ODIABAN AL PRI"},"content":{"rendered":"\n<ul class=\"wp-block-list\"><li>Otros yunistas que quieren tripular la alianza.<\/li><li>Vocero presidencial, con Covid.<\/li><li>Siete a\u00f1os de la partida del maestro.<\/li><\/ul>\n\n\n\n<p>\u00a1Fuerza, mi querido Dar\u00edo! \u00a1Vas a salir de esta!<br>&#8211;Chopenjawer<\/p>\n\n\n\n<p>Los principales causantes de la debacle y p\u00e9sima imagen del PRI en Veracruz fueron los \u00faltimos dos sexenios pri\u00edstas en la entidad, encabezados por Fidel Herrera Beltr\u00e1n y Javier Duarte de Ochoa. Dos gobiernos que quedaron marcados por la corrupci\u00f3n, los desv\u00edos, el tr\u00e1fico de influencias; \u00e9pocas cuando tambi\u00e9n se increment\u00f3 la violencia a niveles muy sangrientos por la lucha que hab\u00eda entre c\u00e1rteles del narcotr\u00e1fico.<\/p>\n\n\n\n<p>Quienes aprovecharon para destacar lo malo del PRI fueron precisamente los partidos de oposici\u00f3n. El cenit fue cuando alcaldes del PAN y el PRD, con el argumento de que el gobierno no les pagaba recursos pendientes, tomaron el Palacio de Gobierno el 29 de octubre de 2016.<\/p>\n\n\n\n<p>Pero la toma &#8211;de cierta manera justificada&#8211; se convirti\u00f3 en show pol\u00edtico cuando comenz\u00f3 a figurar como l\u00edder el alcalde panista de Boca del R\u00edo, Miguel \u00c1ngel Yunes M\u00e1rquez (a) &#8220;Miguel Chiquito&#8221;, a quien sus huestes vitoreaban cada que daba una conferencia de prensa o posteaba un video en el Feisbuc.<\/p>\n\n\n\n<p>Ya encarrerado, &#8220;Miguel Chiquito&#8221; ni siquiera ten\u00eda el inter\u00e9s por destrabar el conflicto, sino echarle m\u00e1s gasolina lanzando mensajes incendiarios v\u00eda redes sociales y hacer crecer su imagen como aspirante a la gubernatura; la prueba de esto fue cuando tambi\u00e9n tom\u00f3 Casa Veracruz (la residencia oficial del titular del Ejecutivo) y trat\u00f3 de exhibir v\u00eda redes sociales una conversaci\u00f3n privada con el gobernador interino Flavino R\u00edos Alvarado.<\/p>\n\n\n\n<p>Detr\u00e1s de todo esto estaba el futuro gobernador Miguel \u00c1ngel Yunes Linares, quien tambi\u00e9n uso recursos legales para &#8220;apretar&#8221; a funcionarios e iniciaron la persecuci\u00f3n judicial que llev\u00f3 hasta al mismo exgobernador Duarte a la c\u00e1rcel.<\/p>\n\n\n\n<p>Los Yunes, hay que subrayarlo, ten\u00edan una gran protecci\u00f3n oficial desde el gobierno del pri\u00edsta Enrique Pe\u00f1a Nieto: desde la Secretar\u00eda de Gobernaci\u00f3n, el titular Miguel \u00c1ngel Osorio Chong les permit\u00eda hacer todo, incluso despedazar lo que quedaba del PRI en Veracruz.<\/p>\n\n\n\n<p>El plan era simple: primero ganaba la gubernatura de dos a\u00f1os el patriarca de los Yunes y luego este heredar\u00eda el poder a su hijo &#8220;Miguel Chiquito&#8221;, pero el c\u00e1lculo les fall\u00f3 y perdieron todo ante el efecto L\u00f3pez Obrador.<\/p>\n\n\n\n<p>Para esto, tanto Yunes Linares como su prole y aliados (entre ellos el pr\u00f3fugo de la justicia Jorge Winckler) usaron mensajes de odio, burla y desprecio al PRI que hoy quieren usar como plataforma para poder imponer a personajes cercanos a ellos, incluyendo a Miguel \u00c1ngel Yunes M\u00e1rquez como aspirante a la alcald\u00eda de Veracruz en las elecciones de este a\u00f1o.<\/p>\n\n\n\n<p>&#8220;La alianza PAN-PRD es para rescatar a #Veracruz, la del #PRI para seguir robando, \u00a1Esa es la diferencia!&#8221;, tuiteaba el 14 de enero el entonces aspirante a la gubernatura Miguel \u00c1ngel Yunes Linares.<\/p>\n\n\n\n<p>Fernando Yunes M\u00e1rquez, hijo del exgobernador y hoy alcalde de Veracruz, dec\u00eda en twitter el 31 de mayo de 2015: &#8220;Votar por el PRI\/VERDE es votar por Javier Duarte! Ese mismo desastre quieres que te represente?&#8221;<\/p>\n\n\n\n<p>\u00c9l mismo arremet\u00eda contra el PRI el 15 de enero de 2016: &#8220;En el PRI, unidad se escribe IMPUNIDAD!&#8221;.<\/p>\n\n\n\n<p>&#8220;Ni un voto al PRI!! Todos son iguales!&#8221;, destaca en otro mensaje.<\/p>\n\n\n\n<p>El 28 de enero de 2016, el hoy edil tambi\u00e9n hac\u00eda alarde: &#8220;Este Domingo se registra la coalici\u00f3n PAN\/PRD que va a sacar al PRI de Veracruz!&#8221;<\/p>\n\n\n\n<p>Los mensajes de odio contra el PRI por parte de los Yunes incluso siguieron durante la minigubernatura de los dos a\u00f1os, previo a la fallida campa\u00f1a de &#8220;Miguel Chiquito&#8221;.<\/p>\n\n\n\n<p>Por ejemplo, v\u00eda Twitter, Miguel \u00c1ngel Yunes M\u00e1rquez dec\u00eda el 26 de enero de 2018: &#8220;En Veracruz, donde el gobierno corrupto del PRI rob\u00f3 tanto, necesitamos gobernantes con experiencia, que sepan conseguir m\u00e1s recursos&#8221;.<\/p>\n\n\n\n<p>Es un secreto a voces que quienes controlan al Partido de la Revoluci\u00f3n Democr\u00e1tica (PRD) en Veracruz es el exgobernador y, por extensi\u00f3n, sus hijos. Luego entonces, cualquier mensaje que provenga de lo que queda del PRD, es un recado de aprobado y enviado por los Yunes.<\/p>\n\n\n\n<p>En el caso del PRI se ha se\u00f1alado al dirigente estatal, Marlon Ram\u00edrez, como tambi\u00e9n parte de los pol\u00edticos no panistas que tienen privilegios y cercan\u00eda con el exmandatario, pero \u00e9ste lo niega. Lo que s\u00ed, es que la actitud del PRI abona mucho a esta idea: que Yunes tambi\u00e9n ya tiene controlado al partido tricolor que hizo excremento en recientes a\u00f1os.<\/p>\n\n\n\n<p>En todo esto, la verdad que es lamentable la manera sumisa en que el PRI se est\u00e1 entregando a una alianza donde s\u00f3lo est\u00e1 sirviendo como la misma comparsa que tom\u00f3 el Palacio en 2016. Al parecer en el tricolor ya les dio el amor por su mayor n\u00e9mesis y no tienen memoria de qui\u00e9n los hizo pedazos en Veracruz, pero ah\u00ed la llevan enga\u00f1\u00e1ndose a s\u00ed mismos.<\/p>\n\n\n\n<p>Comentan en el puerto de Veracruz, que el fondo del pleito que est\u00e1 rompiendo la megaalianza es que el PRI y PRD apoyan una designaci\u00f3n directa de &#8220;Miguel Chiquito&#8221; en el caso de la candidatura a la Presidencia Municipal del puerto de Veracruz, donde el PAN no alineado con los Yunes est\u00e1 impulsando a Bingen Rementer\u00eda del Puerto.<\/p>\n\n\n\n<p>As\u00ed que no le extra\u00f1e la pr\u00f3xima nueva alianza: PRI-PRD-Movimiento Ciudadano impulsando a Miguel \u00c1ngel Yunes M\u00e1rquez a la alcald\u00eda de Veracruz, lo que ser\u00eda otra derrota inminente para el chiquito de Miguel, nuevamente superado por Morena y un PAN que le pinta mocos.<\/p>\n\n\n\n<p><strong>NOTA PARA PEGAR EN EL REFRI: <\/strong>Otros yunistas aparte de &#8220;Miguel Chiquito&#8221; que buscan o buscaban colarse como candidatos de la (casi rota) alianza PRI-PAN-PRD: Octavio &#8220;Tavo&#8221; P\u00e9rez, alcalde de San Andr\u00e9s Tuxtla, quien buscaba la diputaci\u00f3n plurinominal y lleg\u00f3 a buscar al dirigente estatal del PAN, Joaqu\u00edn Guzm\u00e1n Avil\u00e9s, para que lo apoyara, pero el de Tantoyuca ya ten\u00eda informes de que &#8220;Tavo&#8221; iba con la encomienda de Yunes Linares, luego de haber convivido con \u00e9l en un bautizo\u2026 Otro es Luis Fajardo, ligado al exsecre de Seguridad, Jaime &#8220;Sugardaddy&#8221; T\u00e9llez Mari\u00e9, quien busca ser candidato por Coatzacoalcos; otro es el regidor Blas \u00c1valos, en Minatitl\u00e1n.<\/p>\n\n\n\n<p><strong>OTRA NOTA: <\/strong>Jes\u00fas Ram\u00edrez Cuevas, el vocero presidencial, tiene Covid19. M\u00e1s que vocero, sirve como quien est\u00e1 al pendiente de las l\u00e1minas que se presentan en la &#8220;ma\u00f1anera&#8221;, con un papel muy reducido y casi s\u00f3lo asignado a atender a esas alima\u00f1as que se presentan como periodistas en Palacio Nacional. A ver si no se convierte en factor de riesgo para AMLO.<\/p>\n\n\n\n<p><strong>LA \u00daLTIMA PORQUE PERDIERON LOS STEELERS: <\/strong>Este 12 de enero se cumplen ya 7 a\u00f1os de la partida del maestro C\u00e9sar V\u00e1zquez Chagoya. Todos los d\u00edas se le extra\u00f1a y se pregunta uno: &#8220;\u00bfC\u00f3mo le har\u00eda el patr\u00f3n?&#8221; en situaciones donde se deben tomar decisiones editoriales o de vida, y asumir las consecuencias. \u00bfEl mejor legado? Sus ense\u00f1anzas, sus pl\u00e1ticas anecd\u00f3ticas, sus verdaderos amigos que no lo olvidan y han estado ah\u00ed para dar la mano. Siete a\u00f1os, Don C\u00e9sar, pero siempre se le recuerda con su inseparable cigarro como si estuviese aqu\u00ed hace ratito platicando con su servilleta. Abrazo con cari\u00f1o.<\/p>\n\n\n\n<p><strong>@pablojair<\/strong><\/p>\n","protected":false},"excerpt":{"rendered":"<p>Otros yunistas que quieren tripular la alianza. Vocero presidencial, con Covid. Siete a\u00f1os de la partida del maestro. \u00a1Fuerza, mi querido Dar\u00edo! \u00a1Vas a salir de esta!&#8211;Chopenjawer Los principales causantes de la debacle y p\u00e9sima imagen del PRI en Veracruz fueron los \u00faltimos dos sexenios pri\u00edstas en la entidad, encabezados por Fidel Herrera Beltr\u00e1n y [&hellip;]<\/p>\n","protected":false},"author":1,"featured_media":488,"comment_status":"open","ping_status":"open","sticky":false,"template":"","format":"standard","meta":{"_jetpack_memberships_contains_paid_content":false,"footnotes":""},"categories":[11],"tags":[],"class_list":["post-9907","post","type-post","status-publish","format-standard","has-post-thumbnail","hentry","category-opinion"],"jetpack_featured_media_url":"https:\/\/encuentroinformativo.com.mx\/wp-content\/uploads\/2020\/03\/F471F608-BA1A-416B-BA7B-BCFB24F4E6D0.jpeg","jetpack_sharing_enabled":true,"jetpack_likes_enabled":true,"amp_enabled":true,"_links":{"self":[{"href":"https:\/\/encuentroinformativo.com.mx\/index.php?rest_route=\/wp\/v2\/posts\/9907","targetHints":{"allow":["GET"]}}],"collection":[{"href":"https:\/\/encuentroinformativo.com.mx\/index.php?rest_route=\/wp\/v2\/posts"}],"about":[{"href":"https:\/\/encuentroinformativo.com.mx\/index.php?rest_route=\/wp\/v2\/types\/post"}],"author":[{"embeddable":true,"href":"https:\/\/encuentroinformativo.com.mx\/index.php?rest_route=\/wp\/v2\/users\/1"}],"replies":[{"embeddable":true,"href":"https:\/\/encuentroinformativo.com.mx\/index.php?rest_route=%2Fwp%2Fv2%2Fcomments&post=9907"}],"version-history":[{"count":1,"href":"https:\/\/encuentroinformativo.com.mx\/index.php?rest_route=\/wp\/v2\/posts\/9907\/revisions"}],"predecessor-version":[{"id":9908,"href":"https:\/\/encuentroinformativo.com.mx\/index.php?rest_route=\/wp\/v2\/posts\/9907\/revisions\/9908"}],"wp:featuredmedia":[{"embeddable":true,"href":"https:\/\/encuentroinformativo.com.mx\/index.php?rest_route=\/wp\/v2\/media\/488"}],"wp:attachment":[{"href":"https:\/\/encuentroinformativo.com.mx\/index.php?rest_route=%2Fwp%2Fv2%2Fmedia&parent=9907"}],"wp:term":[{"taxonomy":"category","embeddable":true,"href":"https:\/\/encuentroinformativo.com.mx\/index.php?rest_route=%2Fwp%2Fv2%2Fcategories&post=9907"},{"taxonomy":"post_tag","embeddable":true,"href":"https:\/\/encuentroinformativo.com.mx\/index.php?rest_route=%2Fwp%2Fv2%2Ftags&post=9907"}],"curies":[{"name":"wp","href":"https:\/\/api.w.org\/{rel}","templated":true}]}}