{"id":9915,"date":"2021-01-11T12:09:32","date_gmt":"2021-01-11T18:09:32","guid":{"rendered":"https:\/\/encuentroinformativo.com.mx\/?p=9915"},"modified":"2021-01-11T12:09:34","modified_gmt":"2021-01-11T18:09:34","slug":"sigue-en-veremos-alianza-pri-pan-prd","status":"publish","type":"post","link":"https:\/\/encuentroinformativo.com.mx\/?p=9915","title":{"rendered":"Sigue \u201cen veremos\u201d alianza PRI-PAN-PRD"},"content":{"rendered":"\n<p><strong>Dar\u00edo Pale <\/strong><\/p>\n\n\n\n<p>Xalapa, Ver.- Este fin de semana fue una guerra de declaraciones entre los diferentes dirigentes del PAN-PRI-PRD donde anunciaban la alianza de solo dos partidos pol\u00edticos no obstante despu\u00e9s de\u00a0un estira y afloja con la alianza \u201cVa por Veracruz\u201d, \u00e9sta ma\u00f1ana de lunes, los dirigentes del PRI, PRD y PAN sostuvieron una charla telef\u00f3nica.<\/p>\n\n\n\n<p>Lo anterior se dio a conocer por medio de las redes sociales, donde el dirigente del Partido Revolucionario Institucional (PRI) , Marlon Ram\u00edrez Marin, inform\u00f3 sobre la buena disposici\u00f3n de querer entablar dialogo para ir juntos en bloque opositor para las elecciones del 6 de junio.<\/p>\n\n\n\n<p>Esta ma\u00f1ana establec\u00ed comunicaci\u00f3n telef\u00f3nica con los presidentes del\u00a0 @CDEPANVeracruz, @joaquin_GA, y del\u00a0 @PRD_Ver,\u00a0 @SergioCadna, y acordamos replantear personalmente las propuestas en la conformaci\u00f3n de la #alianza al m\u00e1s alto nivel #Hoy mismo\u201d, dijo el l\u00edder del tricolor en Veracruz.<\/p>\n\n\n\n<p>Cabe recordar que el fin de semana a los dirigente del PRD, Sergio Cadena y del PRI, Marlon Ram\u00edrez, dieron a conocer que el PAN pretende \u201cagandallar\u201d 17 distritos de 30, adem\u00e1s de que no quer\u00edan apoyarlos en las alcald\u00edas, es decir, los dejar\u00edan solo, lo que llevo a una posible ruptura de la alianza opositora.<\/p>\n\n\n\n<p>Sin embargo, el domingo por la tarde, Joaqu\u00edn Guzm\u00e1n, dirigente del PAN dijo estar dispuesto a una mesa de dialogo y trabajar de manera unidad a favor de los ciudadanos pues se merecen un gobierno responsable.<\/p>\n","protected":false},"excerpt":{"rendered":"<p>Dar\u00edo Pale Xalapa, Ver.- Este fin de semana fue una guerra de declaraciones entre los diferentes dirigentes del PAN-PRI-PRD donde anunciaban la alianza de solo dos partidos pol\u00edticos no obstante despu\u00e9s de\u00a0un estira y afloja con la alianza \u201cVa por Veracruz\u201d, \u00e9sta ma\u00f1ana de lunes, los dirigentes del PRI, PRD y PAN sostuvieron una charla [&hellip;]<\/p>\n","protected":false},"author":1,"featured_media":9916,"comment_status":"open","ping_status":"open","sticky":false,"template":"","format":"standard","meta":{"_jetpack_memberships_contains_paid_content":false,"footnotes":""},"categories":[2],"tags":[],"class_list":["post-9915","post","type-post","status-publish","format-standard","has-post-thumbnail","hentry","category-estado"],"jetpack_featured_media_url":"https:\/\/encuentroinformativo.com.mx\/wp-content\/uploads\/2021\/01\/45779998-072D-4038-89BD-503B6157D9E2.jpeg","jetpack_sharing_enabled":true,"jetpack_likes_enabled":true,"amp_enabled":true,"_links":{"self":[{"href":"https:\/\/encuentroinformativo.com.mx\/index.php?rest_route=\/wp\/v2\/posts\/9915","targetHints":{"allow":["GET"]}}],"collection":[{"href":"https:\/\/encuentroinformativo.com.mx\/index.php?rest_route=\/wp\/v2\/posts"}],"about":[{"href":"https:\/\/encuentroinformativo.com.mx\/index.php?rest_route=\/wp\/v2\/types\/post"}],"author":[{"embeddable":true,"href":"https:\/\/encuentroinformativo.com.mx\/index.php?rest_route=\/wp\/v2\/users\/1"}],"replies":[{"embeddable":true,"href":"https:\/\/encuentroinformativo.com.mx\/index.php?rest_route=%2Fwp%2Fv2%2Fcomments&post=9915"}],"version-history":[{"count":1,"href":"https:\/\/encuentroinformativo.com.mx\/index.php?rest_route=\/wp\/v2\/posts\/9915\/revisions"}],"predecessor-version":[{"id":9917,"href":"https:\/\/encuentroinformativo.com.mx\/index.php?rest_route=\/wp\/v2\/posts\/9915\/revisions\/9917"}],"wp:featuredmedia":[{"embeddable":true,"href":"https:\/\/encuentroinformativo.com.mx\/index.php?rest_route=\/wp\/v2\/media\/9916"}],"wp:attachment":[{"href":"https:\/\/encuentroinformativo.com.mx\/index.php?rest_route=%2Fwp%2Fv2%2Fmedia&parent=9915"}],"wp:term":[{"taxonomy":"category","embeddable":true,"href":"https:\/\/encuentroinformativo.com.mx\/index.php?rest_route=%2Fwp%2Fv2%2Fcategories&post=9915"},{"taxonomy":"post_tag","embeddable":true,"href":"https:\/\/encuentroinformativo.com.mx\/index.php?rest_route=%2Fwp%2Fv2%2Ftags&post=9915"}],"curies":[{"name":"wp","href":"https:\/\/api.w.org\/{rel}","templated":true}]}}