{"id":9918,"date":"2021-01-11T12:30:08","date_gmt":"2021-01-11T18:30:08","guid":{"rendered":"https:\/\/encuentroinformativo.com.mx\/?p=9918"},"modified":"2021-01-11T12:30:13","modified_gmt":"2021-01-11T18:30:13","slug":"concesionarios-de-verificentros-amagan-con-colapsar-el-estado","status":"publish","type":"post","link":"https:\/\/encuentroinformativo.com.mx\/?p=9918","title":{"rendered":"Concesionarios de verificentros amagan con \u201ccolapsar\u201d el estado"},"content":{"rendered":"\n<p><strong>Dar\u00edo Pale <\/strong><\/p>\n\n\n\n<p>Xalapa, Ver.- Alejandro Huesca Sota, presidente de la Asociaci\u00f3n de Verificentros Ambientalistas por Veracruz dio a conocer que\u00a0\u00a0el Gobernador les inform\u00f3 que ve dif\u00edcil dar marcha atr\u00e1s a la modificaci\u00f3n del C\u00f3digo Hacendario por la que ahora la Sefiplan ser\u00e1 la dependencia recaudadora de los ingresos por la verificaci\u00f3n vehicular.<\/p>\n\n\n\n<p>Entrevistado durante la manifestaci\u00f3n en las afueras de palacio de gobierno los concesionarios de los verificentros y centros de verificaci\u00f3n, dieron a conocer\u00a0que solicitar\u00edan una audiencia con el Gobernador, para que atienda sus inquietudes.<\/p>\n\n\n\n<p>Refiri\u00f3 que el viernes pasado lograron un acercamiento con el Mandatario en Fort\u00edn de las Flores, sin embargo, los dej\u00f3 con m\u00e1s dudas,\u00a0&#8220;le pedimos que reaccionara, que ha sido enga\u00f1ado, que la situaci\u00f3n no es como se la plantearon, que en ning\u00fan estado se ha visto un programa realmente ambientalista, recaudatorio&#8221;.<\/p>\n\n\n\n<p>Manifest\u00f3 que le expresaron su voluntad de trabajar a favor de Veracruz, pero no en las condiciones que \u00e9l quiere, ya\u00a0que la modificaci\u00f3n se hizo para acabar con las malas pr\u00e1cticas, pidi\u00f3 a los servidores p\u00fablicos que muestren un solo procedimiento administrativo por corrupci\u00f3n en contra de cualquier concesionario.<\/p>\n\n\n\n<p>&#8220;No se vale llenarse la boca sin tener las pruebas, hablan de que los recursos son para la atenci\u00f3n al Covid-19. Nosotros no estamos en contra de la salud de los veracruzanos, estamos en contra del procedimiento. No nos han dicho absolutamente nada, y no lo queremos saber, cuando el dinero se va a la licuadora, saben lo que pasa&#8221;, se\u00f1al\u00f3.<\/p>\n\n\n\n<p>Advirti\u00f3 que si no son atendidos, el Gobernador tendr\u00e1 un problema m\u00e1s de los que ya tiene, de manera que para defender su patrimonio har\u00e1n todo lo que sea necesario como manifestaciones, bloqueos de calles, de carreteras, entre otros.<\/p>\n\n\n\n<p>&#8220;Si el Gobernador quiere que le colapsemos el Estado lo vamos a hacer. Somos empresarios distribuidos en todo el Estado y cada uno ya tiene una funci\u00f3n y por eso no ven tanta gente. Ya est\u00e1 la gente preparada para que en el momento que digamos va, vamos con todo&#8221;, abund\u00f3.<\/p>\n\n\n\n<p>Finalmente cabe se\u00f1alar que como medida de presi\u00f3n realizan bloqueos intermitentes en la calle de Enriquez para que sean atendidos.<\/p>\n\n\n\n<figure class=\"wp-block-image size-large\"><img loading=\"lazy\" decoding=\"async\" width=\"1024\" height=\"576\" src=\"https:\/\/encuentroinformativo.com.mx\/wp-content\/uploads\/2021\/01\/DB38B98C-6501-493E-8049-82A9EF7D859A-1024x576.jpeg\" alt=\"\" class=\"wp-image-9920\" srcset=\"https:\/\/encuentroinformativo.com.mx\/wp-content\/uploads\/2021\/01\/DB38B98C-6501-493E-8049-82A9EF7D859A-1024x576.jpeg 1024w, https:\/\/encuentroinformativo.com.mx\/wp-content\/uploads\/2021\/01\/DB38B98C-6501-493E-8049-82A9EF7D859A-300x169.jpeg 300w, https:\/\/encuentroinformativo.com.mx\/wp-content\/uploads\/2021\/01\/DB38B98C-6501-493E-8049-82A9EF7D859A-768x432.jpeg 768w, https:\/\/encuentroinformativo.com.mx\/wp-content\/uploads\/2021\/01\/DB38B98C-6501-493E-8049-82A9EF7D859A.jpeg 1280w\" sizes=\"auto, (max-width: 1024px) 100vw, 1024px\" \/><\/figure>\n","protected":false},"excerpt":{"rendered":"<p>Dar\u00edo Pale Xalapa, Ver.- Alejandro Huesca Sota, presidente de la Asociaci\u00f3n de Verificentros Ambientalistas por Veracruz dio a conocer que\u00a0\u00a0el Gobernador les inform\u00f3 que ve dif\u00edcil dar marcha atr\u00e1s a la modificaci\u00f3n del C\u00f3digo Hacendario por la que ahora la Sefiplan ser\u00e1 la dependencia recaudadora de los ingresos por la verificaci\u00f3n vehicular. Entrevistado durante la [&hellip;]<\/p>\n","protected":false},"author":1,"featured_media":9919,"comment_status":"open","ping_status":"open","sticky":false,"template":"","format":"standard","meta":{"_jetpack_memberships_contains_paid_content":false,"footnotes":""},"categories":[3],"tags":[],"class_list":["post-9918","post","type-post","status-publish","format-standard","has-post-thumbnail","hentry","category-xalapa"],"jetpack_featured_media_url":"https:\/\/encuentroinformativo.com.mx\/wp-content\/uploads\/2021\/01\/69212D19-C6BA-40D4-AFE0-352C35FA53BA.jpeg","jetpack_sharing_enabled":true,"jetpack_likes_enabled":true,"amp_enabled":true,"_links":{"self":[{"href":"https:\/\/encuentroinformativo.com.mx\/index.php?rest_route=\/wp\/v2\/posts\/9918","targetHints":{"allow":["GET"]}}],"collection":[{"href":"https:\/\/encuentroinformativo.com.mx\/index.php?rest_route=\/wp\/v2\/posts"}],"about":[{"href":"https:\/\/encuentroinformativo.com.mx\/index.php?rest_route=\/wp\/v2\/types\/post"}],"author":[{"embeddable":true,"href":"https:\/\/encuentroinformativo.com.mx\/index.php?rest_route=\/wp\/v2\/users\/1"}],"replies":[{"embeddable":true,"href":"https:\/\/encuentroinformativo.com.mx\/index.php?rest_route=%2Fwp%2Fv2%2Fcomments&post=9918"}],"version-history":[{"count":1,"href":"https:\/\/encuentroinformativo.com.mx\/index.php?rest_route=\/wp\/v2\/posts\/9918\/revisions"}],"predecessor-version":[{"id":9921,"href":"https:\/\/encuentroinformativo.com.mx\/index.php?rest_route=\/wp\/v2\/posts\/9918\/revisions\/9921"}],"wp:featuredmedia":[{"embeddable":true,"href":"https:\/\/encuentroinformativo.com.mx\/index.php?rest_route=\/wp\/v2\/media\/9919"}],"wp:attachment":[{"href":"https:\/\/encuentroinformativo.com.mx\/index.php?rest_route=%2Fwp%2Fv2%2Fmedia&parent=9918"}],"wp:term":[{"taxonomy":"category","embeddable":true,"href":"https:\/\/encuentroinformativo.com.mx\/index.php?rest_route=%2Fwp%2Fv2%2Fcategories&post=9918"},{"taxonomy":"post_tag","embeddable":true,"href":"https:\/\/encuentroinformativo.com.mx\/index.php?rest_route=%2Fwp%2Fv2%2Ftags&post=9918"}],"curies":[{"name":"wp","href":"https:\/\/api.w.org\/{rel}","templated":true}]}}