{"id":9922,"date":"2021-01-11T14:50:16","date_gmt":"2021-01-11T20:50:16","guid":{"rendered":"https:\/\/encuentroinformativo.com.mx\/?p=9922"},"modified":"2021-01-11T14:50:19","modified_gmt":"2021-01-11T20:50:19","slug":"regresan-restricciones-de-movilidad-por-aumento-de-casos-covid","status":"publish","type":"post","link":"https:\/\/encuentroinformativo.com.mx\/?p=9922","title":{"rendered":"Regresan restricciones de movilidad por aumento de casos Covid"},"content":{"rendered":"\n<p><strong>Dar\u00edo Pale <\/strong><\/p>\n\n\n\n<p>Xalapa, Ver.- A partir de este jueves entra en vigor la &#8220;alerta preventiva&#8221; para evitar la movilidad de 12 municipios, debido al incremento de casos de Covid-19, as\u00ed lo inform\u00f3 el\u00a0gobernador de Veracruz Cuitl\u00e1huac Garc\u00eda Jim\u00e9nez en conferencia de prensa.<\/p>\n\n\n\n<p>En el auditorio SilvestreMorena Cora de palacio de gobierno se\u00f1al\u00f3 que la medida ser\u00e1 aplicada desde el jueves y hasta el domingo, posteriormente har\u00e1n una evaluaci\u00f3n y decidir\u00e1n si repiten la medida, pero consider\u00f3 que es importante actuar de manera preventiva, aunque\u00a0primero reproch\u00f3 a los medios de comunicaci\u00f3n que hayan dado a conocer la saturaci\u00f3n de hospitales, pero reconoci\u00f3 que hay incremento en la ocupaci\u00f3n hospitalaria.<\/p>\n\n\n\n<p>&#8220;Se corrobora que s\u00ed, se mantiene la tendencia, la temporada invernal est\u00e1 fuerte, la poblaci\u00f3n tiene que hacer un esfuerzo para contenerse en sus casas el mayor tiempo posible, cuid\u00e1ndose, tomando las medidas&#8221;, se\u00f1al\u00f3.<\/p>\n\n\n\n<p>&#8220;Y por lo tanto, ahora s\u00ed se los digo con certeza. El d\u00eda jueves, viernes, s\u00e1bados y domingos de esta semana se aplicar\u00e1 un decreto que va a limitar la movilidad en los 8 municipios que est\u00e1n con sem\u00e1foro rojo, m\u00e1s los 4 municipios que est\u00e1n empujando la ocupaci\u00f3n hospitalaria hacia arriba que son Poza Rica, Veracruz, Xalapa y Orizaba&#8221;, agreg\u00f3.<\/p>\n\n\n\n<p>El pasado cinco de enero coment\u00f3 que los ocho municipios en rojo eran: Actopan, Cazones, Papantla, Tecolutla, Espinal, Guti\u00e9rrez Zamorra, Tihuatl\u00e1n y San Rafael.<\/p>\n\n\n\n<p>Dio a conocer\u00a0que el Comit\u00e9 T\u00e9cnico de Salud dar\u00e1 a conocer la tarde de este lunes en qu\u00e9 consiste la medida junto con la Secretar\u00eda de Protecci\u00f3n Civil del Estado, por lo\u00a0que el decreto se publicar\u00e1 este martes a trav\u00e9s de la Gaceta Oficial del Estado.<\/p>\n\n\n\n<p>Finalmente hizo un llamado a las c\u00e1maras de comercio para que se apeguen al sem\u00e1foro correspondiente de cada municipio a fin de que se eviten situaciones como las de otros estados y de otros pa\u00edses con el cierre total de negocios.<\/p>\n","protected":false},"excerpt":{"rendered":"<p>Dar\u00edo Pale Xalapa, Ver.- A partir de este jueves entra en vigor la &#8220;alerta preventiva&#8221; para evitar la movilidad de 12 municipios, debido al incremento de casos de Covid-19, as\u00ed lo inform\u00f3 el\u00a0gobernador de Veracruz Cuitl\u00e1huac Garc\u00eda Jim\u00e9nez en conferencia de prensa. En el auditorio SilvestreMorena Cora de palacio de gobierno se\u00f1al\u00f3 que la medida [&hellip;]<\/p>\n","protected":false},"author":1,"featured_media":9923,"comment_status":"open","ping_status":"open","sticky":false,"template":"","format":"standard","meta":{"_jetpack_memberships_contains_paid_content":false,"footnotes":""},"categories":[9],"tags":[],"class_list":["post-9922","post","type-post","status-publish","format-standard","has-post-thumbnail","hentry","category-salud"],"jetpack_featured_media_url":"https:\/\/encuentroinformativo.com.mx\/wp-content\/uploads\/2021\/01\/59514030-D80A-480F-BE3B-67249B05FE84.jpeg","jetpack_sharing_enabled":true,"jetpack_likes_enabled":true,"amp_enabled":true,"_links":{"self":[{"href":"https:\/\/encuentroinformativo.com.mx\/index.php?rest_route=\/wp\/v2\/posts\/9922","targetHints":{"allow":["GET"]}}],"collection":[{"href":"https:\/\/encuentroinformativo.com.mx\/index.php?rest_route=\/wp\/v2\/posts"}],"about":[{"href":"https:\/\/encuentroinformativo.com.mx\/index.php?rest_route=\/wp\/v2\/types\/post"}],"author":[{"embeddable":true,"href":"https:\/\/encuentroinformativo.com.mx\/index.php?rest_route=\/wp\/v2\/users\/1"}],"replies":[{"embeddable":true,"href":"https:\/\/encuentroinformativo.com.mx\/index.php?rest_route=%2Fwp%2Fv2%2Fcomments&post=9922"}],"version-history":[{"count":1,"href":"https:\/\/encuentroinformativo.com.mx\/index.php?rest_route=\/wp\/v2\/posts\/9922\/revisions"}],"predecessor-version":[{"id":9924,"href":"https:\/\/encuentroinformativo.com.mx\/index.php?rest_route=\/wp\/v2\/posts\/9922\/revisions\/9924"}],"wp:featuredmedia":[{"embeddable":true,"href":"https:\/\/encuentroinformativo.com.mx\/index.php?rest_route=\/wp\/v2\/media\/9923"}],"wp:attachment":[{"href":"https:\/\/encuentroinformativo.com.mx\/index.php?rest_route=%2Fwp%2Fv2%2Fmedia&parent=9922"}],"wp:term":[{"taxonomy":"category","embeddable":true,"href":"https:\/\/encuentroinformativo.com.mx\/index.php?rest_route=%2Fwp%2Fv2%2Fcategories&post=9922"},{"taxonomy":"post_tag","embeddable":true,"href":"https:\/\/encuentroinformativo.com.mx\/index.php?rest_route=%2Fwp%2Fv2%2Ftags&post=9922"}],"curies":[{"name":"wp","href":"https:\/\/api.w.org\/{rel}","templated":true}]}}