{"id":9928,"date":"2021-01-11T15:08:33","date_gmt":"2021-01-11T21:08:33","guid":{"rendered":"https:\/\/encuentroinformativo.com.mx\/?p=9928"},"modified":"2021-01-11T15:08:36","modified_gmt":"2021-01-11T21:08:36","slug":"lo-perdido-no-fue-robado","status":"publish","type":"post","link":"https:\/\/encuentroinformativo.com.mx\/?p=9928","title":{"rendered":"Lo perdido, no fue robado"},"content":{"rendered":"\n<p><strong>Columna de Opini\u00f3n <\/strong><\/p>\n\n\n\n<p><strong>Juan Manuel S\u00e1nchez  Mac\u00edas<\/strong><\/p>\n\n\n\n<p>En efecto, si yo pierdo mis un anteojos, en un jard\u00edn, al hacer ejercicio, si pierdo la pluma, porqu\u00e9 sal\u00ed con toda prisa del caf\u00e9 en el que me encontraba, donde la us\u00e9 por \u00faltima vez y regreso y no se encuentra, no puedo decirme robado.<\/p>\n\n\n\n<p>Lo mismo pasa con el ejercicio del poder pol\u00edtico; si un mandatario o un funcionario, electo popularmente, pierde la confianza de los electores que lo llevaron a sentarse en la silla presidencial, en la curul, en el esca\u00f1o u oficina del cabildo y los resultados le son adversos en las \u00faltimas elecciones, no puede decirse robado.<\/p>\n\n\n\n<p>Mucho menos cuando, como en el caso del se\u00f1or Donald Trump, hay evidencias palpables de que perdi\u00f3 no s\u00f3lo la confianza de los votantes, sino de diversos mandatarios y hasta de gobiernos a los que se dedic\u00f3 a menospreciar, en el menor de los casos, y en otros tantos, a atacar y hasta a ofender. Que no se nos olvide que el se\u00f1or, en reiteradas ocasiones, manifest\u00f3 que el noventa por ciento de los inmigrantes de todo el mundo eran delincuentes, que iban a quitarles oportunidades de trabajo al pueblo norteamericano, cuando la historia del pueblo norteamericano, desde las trece colonias, es una historia de inmigrantes.<\/p>\n\n\n\n<p>Con una pol\u00edtica econ\u00f3mica de sanciones y vetos a los pa\u00edses que no comulgaron con sus ideas, incluso en organismos internacionales.<\/p>\n\n\n\n<p>Amenazando a M\u00e9xico con duros impuestos, si no pagaba el muro. En fin, no terminar\u00eda de evidenciar las medidas irracionales y hasta absurdas que, el todav\u00eda presidente del pa\u00eds m\u00e1s poderoso del mundo, se dedic\u00f3 a imponer, mismas que fueron cavando su tumba pol\u00edtica.<\/p>\n\n\n\n<p>Y ahora habla de fraude, de robo, etc\u00e9tera. Como muchos mandatarios, que no supieron manejar la situaci\u00f3n pol\u00edtica, al no ser favorecidos con los resultados electorales, pretenden enturbiar la voluntad ciudadana. En lugar de salir y dar la cara reconociendo la derrota, se dedic\u00f3 a desestabilizar el ambiente social y la atm\u00f3sfera pol\u00edtica de su pa\u00eds. Era obvio que suceder\u00eda un acto violento, como lo fue el reciente asalto al Capitolio. No estoy diciendo que el se\u00f1or Trump haya estado detr\u00e1s de ese nefasto acontecimiento (\u00bfo s\u00ed?), pero cuando el primer mandatario de un pa\u00eds sigue violentando el ambiente social y dividiendo al pueblo, eso, eso\u2026 trae consecuencias!<\/p>\n","protected":false},"excerpt":{"rendered":"<p>Columna de Opini\u00f3n Juan Manuel S\u00e1nchez Mac\u00edas En efecto, si yo pierdo mis un anteojos, en un jard\u00edn, al hacer ejercicio, si pierdo la pluma, porqu\u00e9 sal\u00ed con toda prisa del caf\u00e9 en el que me encontraba, donde la us\u00e9 por \u00faltima vez y regreso y no se encuentra, no puedo decirme robado. Lo mismo [&hellip;]<\/p>\n","protected":false},"author":1,"featured_media":70,"comment_status":"open","ping_status":"open","sticky":false,"template":"","format":"standard","meta":{"_jetpack_memberships_contains_paid_content":false,"footnotes":""},"categories":[11],"tags":[],"class_list":["post-9928","post","type-post","status-publish","format-standard","has-post-thumbnail","hentry","category-opinion"],"jetpack_featured_media_url":"https:\/\/encuentroinformativo.com.mx\/wp-content\/uploads\/2020\/02\/opinion-invitado.jpg","jetpack_sharing_enabled":true,"jetpack_likes_enabled":true,"amp_enabled":true,"_links":{"self":[{"href":"https:\/\/encuentroinformativo.com.mx\/index.php?rest_route=\/wp\/v2\/posts\/9928","targetHints":{"allow":["GET"]}}],"collection":[{"href":"https:\/\/encuentroinformativo.com.mx\/index.php?rest_route=\/wp\/v2\/posts"}],"about":[{"href":"https:\/\/encuentroinformativo.com.mx\/index.php?rest_route=\/wp\/v2\/types\/post"}],"author":[{"embeddable":true,"href":"https:\/\/encuentroinformativo.com.mx\/index.php?rest_route=\/wp\/v2\/users\/1"}],"replies":[{"embeddable":true,"href":"https:\/\/encuentroinformativo.com.mx\/index.php?rest_route=%2Fwp%2Fv2%2Fcomments&post=9928"}],"version-history":[{"count":1,"href":"https:\/\/encuentroinformativo.com.mx\/index.php?rest_route=\/wp\/v2\/posts\/9928\/revisions"}],"predecessor-version":[{"id":9929,"href":"https:\/\/encuentroinformativo.com.mx\/index.php?rest_route=\/wp\/v2\/posts\/9928\/revisions\/9929"}],"wp:featuredmedia":[{"embeddable":true,"href":"https:\/\/encuentroinformativo.com.mx\/index.php?rest_route=\/wp\/v2\/media\/70"}],"wp:attachment":[{"href":"https:\/\/encuentroinformativo.com.mx\/index.php?rest_route=%2Fwp%2Fv2%2Fmedia&parent=9928"}],"wp:term":[{"taxonomy":"category","embeddable":true,"href":"https:\/\/encuentroinformativo.com.mx\/index.php?rest_route=%2Fwp%2Fv2%2Fcategories&post=9928"},{"taxonomy":"post_tag","embeddable":true,"href":"https:\/\/encuentroinformativo.com.mx\/index.php?rest_route=%2Fwp%2Fv2%2Ftags&post=9928"}],"curies":[{"name":"wp","href":"https:\/\/api.w.org\/{rel}","templated":true}]}}