{"id":993,"date":"2020-03-16T18:51:31","date_gmt":"2020-03-17T00:51:31","guid":{"rendered":"https:\/\/encuentroinformativo.com\/?p=993"},"modified":"2020-03-16T18:51:33","modified_gmt":"2020-03-17T00:51:33","slug":"suspension-de-exportaciones-afecta-a-productores-cirilo-elotlan","status":"publish","type":"post","link":"https:\/\/encuentroinformativo.com.mx\/?p=993","title":{"rendered":"Suspensi\u00f3n de exportaciones afecta a productores: Cirilo Elotl\u00e1n"},"content":{"rendered":"\n<p><strong>Juan Arcos <\/strong><\/p>\n\n\n\n<p>Xalapa, Ver.- Cafeticultores de Veracruz prev\u00e9n graves afectaciones por la posible suspensi\u00f3n de las exportaciones, debido a la pandemia mundial del coronavirus.<\/p>\n\n\n\n<p>El representante del Consejo Regional del Caf\u00e9 de Coatepec, Cirilo Elotl\u00e1n D\u00edaz, alert\u00f3 que dicha situaci\u00f3n ya est\u00e1 afectando a los productores de c\u00edtricos.<\/p>\n\n\n\n<p>\u201cS\u00ed nos preocupa, porque suspendieron todas las empacadoras, suspendieron las compras de lim\u00f3n, no hay compras de lim\u00f3n, eso es grav\u00edsimo, porque si eso llega a pasar con el caf\u00e9, la verdad ser\u00eda una gran afectaci\u00f3n\u201d.<\/p>\n\n\n\n<p>El entrevistado indic\u00f3 que podr\u00eda registrarse un \u201cbrutal\u201d estancamiento econ\u00f3mico por la suspensi\u00f3n de exportaciones.<\/p>\n\n\n\n<p>\u201cNosotros producimos para consumo nacional pero si no hay circulaci\u00f3n de la moneda por este tipo de situaci\u00f3n tampoco podremos vender, ni nosotros podemos comprarle a los productores, ni nosotros podemos vender\u201d.<\/p>\n\n\n\n<p>A\u00f1adi\u00f3 que tambi\u00e9n se han visto perjudicados por la suspensi\u00f3n de eventos donde se promociona el caf\u00e9 de la regi\u00f3n, como fue el Festival Cumbre Taj\u00edn 2020.<\/p>\n\n\n\n<p>Adem\u00e1s, el l\u00edder cafetalero mencion\u00f3 que la entrega de apoyos a los productores por parte del gobierno federal tambi\u00e9n podr\u00eda retrasarse por la pandemia internacional.<\/p>\n\n\n\n<p>\u201cEl gobierno sigue en una complejidad, no hay una coordinaci\u00f3n, no hay una pol\u00edtica real que impulse el desarrollo del campo, estamos perdidos, porque todo esta dirigido al individualismo\u201d, agreg\u00f3 Elotl\u00e1n D\u00edaz.<\/p>\n\n\n\n<p><\/p>\n","protected":false},"excerpt":{"rendered":"<p>Juan Arcos Xalapa, Ver.- Cafeticultores de Veracruz prev\u00e9n graves afectaciones por la posible suspensi\u00f3n de las exportaciones, debido a la pandemia mundial del coronavirus. El representante del Consejo Regional del Caf\u00e9 de Coatepec, Cirilo Elotl\u00e1n D\u00edaz, alert\u00f3 que dicha situaci\u00f3n ya est\u00e1 afectando a los productores de c\u00edtricos. \u201cS\u00ed nos preocupa, porque suspendieron todas las [&hellip;]<\/p>\n","protected":false},"author":1,"featured_media":994,"comment_status":"open","ping_status":"open","sticky":false,"template":"","format":"standard","meta":{"_jetpack_memberships_contains_paid_content":false,"footnotes":""},"categories":[8],"tags":[],"class_list":["post-993","post","type-post","status-publish","format-standard","has-post-thumbnail","hentry","category-region"],"jetpack_featured_media_url":"https:\/\/encuentroinformativo.com.mx\/wp-content\/uploads\/2020\/03\/82EF56DB-597A-4AEF-916C-456AA45520A4.jpeg","jetpack_sharing_enabled":true,"jetpack_likes_enabled":true,"amp_enabled":true,"_links":{"self":[{"href":"https:\/\/encuentroinformativo.com.mx\/index.php?rest_route=\/wp\/v2\/posts\/993","targetHints":{"allow":["GET"]}}],"collection":[{"href":"https:\/\/encuentroinformativo.com.mx\/index.php?rest_route=\/wp\/v2\/posts"}],"about":[{"href":"https:\/\/encuentroinformativo.com.mx\/index.php?rest_route=\/wp\/v2\/types\/post"}],"author":[{"embeddable":true,"href":"https:\/\/encuentroinformativo.com.mx\/index.php?rest_route=\/wp\/v2\/users\/1"}],"replies":[{"embeddable":true,"href":"https:\/\/encuentroinformativo.com.mx\/index.php?rest_route=%2Fwp%2Fv2%2Fcomments&post=993"}],"version-history":[{"count":1,"href":"https:\/\/encuentroinformativo.com.mx\/index.php?rest_route=\/wp\/v2\/posts\/993\/revisions"}],"predecessor-version":[{"id":995,"href":"https:\/\/encuentroinformativo.com.mx\/index.php?rest_route=\/wp\/v2\/posts\/993\/revisions\/995"}],"wp:featuredmedia":[{"embeddable":true,"href":"https:\/\/encuentroinformativo.com.mx\/index.php?rest_route=\/wp\/v2\/media\/994"}],"wp:attachment":[{"href":"https:\/\/encuentroinformativo.com.mx\/index.php?rest_route=%2Fwp%2Fv2%2Fmedia&parent=993"}],"wp:term":[{"taxonomy":"category","embeddable":true,"href":"https:\/\/encuentroinformativo.com.mx\/index.php?rest_route=%2Fwp%2Fv2%2Fcategories&post=993"},{"taxonomy":"post_tag","embeddable":true,"href":"https:\/\/encuentroinformativo.com.mx\/index.php?rest_route=%2Fwp%2Fv2%2Ftags&post=993"}],"curies":[{"name":"wp","href":"https:\/\/api.w.org\/{rel}","templated":true}]}}