{"id":9930,"date":"2021-01-11T15:35:25","date_gmt":"2021-01-11T21:35:25","guid":{"rendered":"https:\/\/encuentroinformativo.com.mx\/?p=9930"},"modified":"2021-01-11T15:35:27","modified_gmt":"2021-01-11T21:35:27","slug":"blindaran-tlacotalpan-para-evitar-aglomeraciones","status":"publish","type":"post","link":"https:\/\/encuentroinformativo.com.mx\/?p=9930","title":{"rendered":"\u201cBlindar\u00e1n\u201d Tlacotalpan para evitar aglomeraciones"},"content":{"rendered":"\n<p><strong>Alejandro \u00c1vila<\/strong><\/p>\n\n\n\n<p>Tlacotalpan, Ver.- Finalmente y tras algunos d\u00edas de negociaci\u00f3n, se confirmaron fueron suspendidas de manera presencial las fiestas en honor a la Virgen de la Candelaria, mismas que se desarrollan del 31 de enero al 2 de febrero y que dejan una derrama econ\u00f3mica superior a los 100 millones de pesos en tan solo tres d\u00edas.<\/p>\n\n\n\n<p>Este lunes 11 de enero, el presidente municipal de Tlacotalpan, Christian Romero P\u00e9rez, inst\u00f3 a los visitantes a no acudir en esas fechas al municipio, pues si bien no habr\u00e1 restricci\u00f3n para su acceso, la ciudad estar\u00e1 &#8220;blindada&#8221; para evitar aglomeraci\u00f3n de personas o intento de eventos m\u00e1sivos.<\/p>\n\n\n\n<p>&#8220;Junto con Gobierno del Estado y Gobierno Federal, habr\u00e1 sobrevuelos de helicopteros, estar\u00e1 la seguridad del Estado, estar\u00e1 la Guardia Nacional y estar\u00e1 el Ejercito, entonces todos estos organismos y desde luego la Polic\u00eda Municipal&nbsp;<\/p>\n\n\n\n<p>&#8220;Tlacotalpan estar\u00e1 resguardado por motivos obvios, sabemos que la cosa no est\u00e1 bien en el tema de pandemia, entonces tenemos que ser muy responsables y yo apelo a que nuestra gente tome esta responsabilidad de su vida, porque es la vida de ellos y de su familia la que ser\u00e1n afectadas si hubiese una aglomeraci\u00f3n&#8221;, asest\u00f3 el edil tlacotalpe\u00f1o.<\/p>\n\n\n\n<p>El evento se llev\u00f3 a cabo en el Palacio Municipal del Tlacotalpan, donde estuvieron presentes la directora del Instituto Veracruzano de Turismo, Silvia Alejandre Prado, as\u00ed como&nbsp;la secretaria dee Turismo, Xochitl Arbes\u00fa Lago, esta \u00faltima, mencion\u00f3 que las fechas no se dejar\u00e1n pasar y se realizar\u00e1 una cartelera virtual con diversos exponentes musicales y acad\u00e9micos, quienes realizar\u00e1n conversatorios a trav\u00e9s de la plataforma Zoom, enlazada a la p\u00e1gina oficial de Facebook del Ayuntamiento de Tlacotalpan.<\/p>\n\n\n\n<p>Finalemente, la secretaria de Turismo, declar\u00f3 que dependiendo de la aplicaci\u00f3n de la vacuna y la mejora en la salud de los mexicanos, en el segundo semestre del a\u00f1o se podr\u00eda realizar un evento presencial, con actividades para honrar a la Virgen de la Candelaria en Tlacotalpan y as\u00ed ayudar a los prestadores de servicios turisticos de la Cuenca del Papaloapan.<\/p>\n","protected":false},"excerpt":{"rendered":"<p>Alejandro \u00c1vila Tlacotalpan, Ver.- Finalmente y tras algunos d\u00edas de negociaci\u00f3n, se confirmaron fueron suspendidas de manera presencial las fiestas en honor a la Virgen de la Candelaria, mismas que se desarrollan del 31 de enero al 2 de febrero y que dejan una derrama econ\u00f3mica superior a los 100 millones de pesos en tan [&hellip;]<\/p>\n","protected":false},"author":1,"featured_media":9931,"comment_status":"open","ping_status":"open","sticky":false,"template":"","format":"standard","meta":{"_jetpack_memberships_contains_paid_content":false,"footnotes":""},"categories":[2],"tags":[],"class_list":["post-9930","post","type-post","status-publish","format-standard","has-post-thumbnail","hentry","category-estado"],"jetpack_featured_media_url":"https:\/\/encuentroinformativo.com.mx\/wp-content\/uploads\/2021\/01\/AAB0FD7A-3FD9-4206-851A-32EF9E22784E.jpeg","jetpack_sharing_enabled":true,"jetpack_likes_enabled":true,"amp_enabled":true,"_links":{"self":[{"href":"https:\/\/encuentroinformativo.com.mx\/index.php?rest_route=\/wp\/v2\/posts\/9930","targetHints":{"allow":["GET"]}}],"collection":[{"href":"https:\/\/encuentroinformativo.com.mx\/index.php?rest_route=\/wp\/v2\/posts"}],"about":[{"href":"https:\/\/encuentroinformativo.com.mx\/index.php?rest_route=\/wp\/v2\/types\/post"}],"author":[{"embeddable":true,"href":"https:\/\/encuentroinformativo.com.mx\/index.php?rest_route=\/wp\/v2\/users\/1"}],"replies":[{"embeddable":true,"href":"https:\/\/encuentroinformativo.com.mx\/index.php?rest_route=%2Fwp%2Fv2%2Fcomments&post=9930"}],"version-history":[{"count":1,"href":"https:\/\/encuentroinformativo.com.mx\/index.php?rest_route=\/wp\/v2\/posts\/9930\/revisions"}],"predecessor-version":[{"id":9932,"href":"https:\/\/encuentroinformativo.com.mx\/index.php?rest_route=\/wp\/v2\/posts\/9930\/revisions\/9932"}],"wp:featuredmedia":[{"embeddable":true,"href":"https:\/\/encuentroinformativo.com.mx\/index.php?rest_route=\/wp\/v2\/media\/9931"}],"wp:attachment":[{"href":"https:\/\/encuentroinformativo.com.mx\/index.php?rest_route=%2Fwp%2Fv2%2Fmedia&parent=9930"}],"wp:term":[{"taxonomy":"category","embeddable":true,"href":"https:\/\/encuentroinformativo.com.mx\/index.php?rest_route=%2Fwp%2Fv2%2Fcategories&post=9930"},{"taxonomy":"post_tag","embeddable":true,"href":"https:\/\/encuentroinformativo.com.mx\/index.php?rest_route=%2Fwp%2Fv2%2Ftags&post=9930"}],"curies":[{"name":"wp","href":"https:\/\/api.w.org\/{rel}","templated":true}]}}