{"id":9945,"date":"2021-01-11T17:57:42","date_gmt":"2021-01-11T23:57:42","guid":{"rendered":"https:\/\/encuentroinformativo.com.mx\/?p=9945"},"modified":"2021-01-11T17:57:44","modified_gmt":"2021-01-11T23:57:44","slug":"continuara-descenso-de-temperaturas","status":"publish","type":"post","link":"https:\/\/encuentroinformativo.com.mx\/?p=9945","title":{"rendered":"Continuar\u00e1 descenso de temperaturas"},"content":{"rendered":"\n<p><strong>Dar\u00edo Pale <\/strong><\/p>\n\n\n\n<p>Xalapa, Ver.- Seguir\u00e1n disminuyendo temperaturas en gran parte del Estado, probable ca\u00edda de nieve este martes en las partes altas de las monta\u00f1as as\u00ed lo inform\u00f3 el\u00a0subcoordinador de Fen\u00f3menos Atmosf\u00e9ricos de la Secretar\u00eda de Protecci\u00f3n Civil del Estado, Jos\u00e9 Llanos Arias.<\/p>\n\n\n\n<p>En entrevista telefonica alert\u00f3 que las temperaturas continuar\u00e1n disminuyendo en buena parte del estado,\u00a0&#8220;van a seguir bajando las temperaturas. La temperatura que se registr\u00f3 en la ma\u00f1ana fue la m\u00e1xima, luego comenz\u00f3 a bajar y sigue bajando y seguir\u00e1 bajando de aqu\u00ed a la madrugada&#8221;.<\/p>\n\n\n\n<p>Debido a lo anterior advirti\u00f3 que el fr\u00edo continuar\u00e1 de aqu\u00ed al viernes en zonas de monta\u00f1a y fresco en zonas de costa, y\u00a0que a partir del jueves y viernes se podr\u00edan incrementar ligeramente las temperaturas, pero no quiere decir que har\u00e1 calor, solo har\u00e1 menos fr\u00edo.<\/p>\n\n\n\n<p>Sin embargo, adelant\u00f3 que el pr\u00f3ximo fin de semana vendr\u00e1 otro frente fr\u00edo, lo que har\u00e1 que se prolonguen las condiciones que prevalecen actualmente, por lo que toda\u00a0la primera quincena de enero se espera que predomine un ambiente fr\u00edo en gran parte del Estado.<\/p>\n\n\n\n<p>Confirm\u00f3 que este domingo cay\u00f3 nieve en la parte alta del Cofre de Perote y la parte alta del Pico de Orizaba, as\u00ed como cencellada en ambas zonas.<\/p>\n\n\n\n<p>&#8220;Ya ahora al paso del frente fr\u00edo n\u00famero 26 y en especial de la masa de aire polar que impulsa este frente, tenemos este ambiente fr\u00edo en buena parte del Estado. De hecho algo peculiar que pasa en estos casos es que la temperatura m\u00e1xima que se registr\u00f3 se dio durante las primeras horas de la ma\u00f1ana&#8221;, se\u00f1al\u00f3.<\/p>\n\n\n\n<p>&#8220;Generalmente las m\u00e1ximas se dan despu\u00e9s del medio d\u00eda.\u00a0 Cuando tenemos invasi\u00f3n de masas de aire polar, las m\u00e1ximas se dan en las primeras horas de la ma\u00f1ana&#8221;, agreg\u00f3.<br>Es as\u00ed que en Tuxpan registraron una temperatura de 14 grados durante la ma\u00f1ana, en Xalapa y Orizaba la temperatura fue de 14 grados, pero alrededor de las 12:00 horas se tuvo un registro de 10 grados Celsius en la capital del Estado, asimismo, en la zona de Veracruz y Coatzacoalcos, el term\u00f3metro alcanz\u00f3 un registro de 25 grados como valor m\u00e1ximo, pero ir\u00e1n disminuyendo.<\/p>\n\n\n\n<p>El especialista aclar\u00f3 que hasta el medio d\u00eda de este lunes no hay registro de otra nevada en el Cofre de Perote, pero existe probabilidad de que en las primeras horas del martes haya ca\u00edda de nieve o agua nieve, posteriormente, el pr\u00f3ximo fin de semana podr\u00eda ocurrir nuevamente ca\u00edda de nieve o agua nieve en las partes altas del Estado.<\/p>\n\n\n\n<p>Finalmente, recomend\u00f3 que la gente se abrigue muy bien, especialmente en las madrugadas, en las ma\u00f1anas, cubrir la nariz y la boca, asimismo, donde utilizan fogones o anafres, extremen cuidados para que no haya intoxicaciones y pidi\u00f3 cuidar a las mascotas porque tambi\u00e9n resienten las bajas temperaturas y ponerlos en lugares calientes.<\/p>\n","protected":false},"excerpt":{"rendered":"<p>Dar\u00edo Pale Xalapa, Ver.- Seguir\u00e1n disminuyendo temperaturas en gran parte del Estado, probable ca\u00edda de nieve este martes en las partes altas de las monta\u00f1as as\u00ed lo inform\u00f3 el\u00a0subcoordinador de Fen\u00f3menos Atmosf\u00e9ricos de la Secretar\u00eda de Protecci\u00f3n Civil del Estado, Jos\u00e9 Llanos Arias. En entrevista telefonica alert\u00f3 que las temperaturas continuar\u00e1n disminuyendo en buena parte [&hellip;]<\/p>\n","protected":false},"author":1,"featured_media":9946,"comment_status":"open","ping_status":"open","sticky":false,"template":"","format":"standard","meta":{"_jetpack_memberships_contains_paid_content":false,"footnotes":""},"categories":[2],"tags":[],"class_list":["post-9945","post","type-post","status-publish","format-standard","has-post-thumbnail","hentry","category-estado"],"jetpack_featured_media_url":"https:\/\/encuentroinformativo.com.mx\/wp-content\/uploads\/2021\/01\/F1E017DF-3CF0-4146-852A-AD160C07570B.jpeg","jetpack_sharing_enabled":true,"jetpack_likes_enabled":true,"amp_enabled":true,"_links":{"self":[{"href":"https:\/\/encuentroinformativo.com.mx\/index.php?rest_route=\/wp\/v2\/posts\/9945","targetHints":{"allow":["GET"]}}],"collection":[{"href":"https:\/\/encuentroinformativo.com.mx\/index.php?rest_route=\/wp\/v2\/posts"}],"about":[{"href":"https:\/\/encuentroinformativo.com.mx\/index.php?rest_route=\/wp\/v2\/types\/post"}],"author":[{"embeddable":true,"href":"https:\/\/encuentroinformativo.com.mx\/index.php?rest_route=\/wp\/v2\/users\/1"}],"replies":[{"embeddable":true,"href":"https:\/\/encuentroinformativo.com.mx\/index.php?rest_route=%2Fwp%2Fv2%2Fcomments&post=9945"}],"version-history":[{"count":1,"href":"https:\/\/encuentroinformativo.com.mx\/index.php?rest_route=\/wp\/v2\/posts\/9945\/revisions"}],"predecessor-version":[{"id":9947,"href":"https:\/\/encuentroinformativo.com.mx\/index.php?rest_route=\/wp\/v2\/posts\/9945\/revisions\/9947"}],"wp:featuredmedia":[{"embeddable":true,"href":"https:\/\/encuentroinformativo.com.mx\/index.php?rest_route=\/wp\/v2\/media\/9946"}],"wp:attachment":[{"href":"https:\/\/encuentroinformativo.com.mx\/index.php?rest_route=%2Fwp%2Fv2%2Fmedia&parent=9945"}],"wp:term":[{"taxonomy":"category","embeddable":true,"href":"https:\/\/encuentroinformativo.com.mx\/index.php?rest_route=%2Fwp%2Fv2%2Fcategories&post=9945"},{"taxonomy":"post_tag","embeddable":true,"href":"https:\/\/encuentroinformativo.com.mx\/index.php?rest_route=%2Fwp%2Fv2%2Ftags&post=9945"}],"curies":[{"name":"wp","href":"https:\/\/api.w.org\/{rel}","templated":true}]}}