{"id":9948,"date":"2021-01-11T18:45:14","date_gmt":"2021-01-12T00:45:14","guid":{"rendered":"https:\/\/encuentroinformativo.com.mx\/?p=9948"},"modified":"2021-01-11T18:45:16","modified_gmt":"2021-01-12T00:45:16","slug":"se-mantiene-dialogo-con-duenos-de-verificentros-afirma-gobierno","status":"publish","type":"post","link":"https:\/\/encuentroinformativo.com.mx\/?p=9948","title":{"rendered":"Se mantiene di\u00e1logo con due\u00f1os de verificentros, afirma Gobierno"},"content":{"rendered":"\n<p><strong>Juan Arcos <\/strong><\/p>\n\n\n\n<p>Xalapa, Ver.- El gobernador de Veracruz, Cuitl\u00e1huac Garc\u00eda Jim\u00e9nez, se\u00f1al\u00f3 que se buscan evitar casos de corrupci\u00f3n en la operaci\u00f3n de los verificentros de la entidad.<\/p>\n\n\n\n<p>Adem\u00e1s, mencion\u00f3 que ha mantenido el di\u00e1logo con un representante de los due\u00f1os y concesionarios de verificentros en Veracruz, debido a las protestas que se han llevado a cabo en la capital del estado contra el decreto que da facultades a la Secretar\u00eda de Finanzas y Planeaci\u00f3n (Sefiplan) para cobrar directamente por dicho servicio.<\/p>\n\n\n\n<p>A su juicio, se han golpeado intereses de algunos empresarios y, por ello, se contemplaron algunas modificaciones en dicho servicio para determinar cu\u00e1les veh\u00edculos contaminan el medio ambiente y evitar su circulaci\u00f3n.<\/p>\n\n\n\n<p>Detall\u00f3 que los centros de verificaci\u00f3n brindar\u00e1n el servicio, mismo que ser\u00e1 cobrado por Sefiplan y, posteriormente, el dinero ser\u00eda reembolsado a los empresarios 48 horas despu\u00e9s.<\/p>\n\n\n\n<p>\u201cNo se vale que sigan vendiendo hologramas a veh\u00edculos que contaminan, tenemos que pararlo, si no lo quieren hacer los verificentros entonces \u00bfa qu\u00e9 le tiran?, van por el negocio nada m\u00e1s\u201d.<\/p>\n\n\n\n<p>El mandatario estatal refiri\u00f3 dicha situaci\u00f3n no ha permitido mejorar la calidad del aire en el estado, situaci\u00f3n que resulta de gran importancia debido a los problemas de salud actuales por la pandemia del SARS-COV-2 (COVID-19).<\/p>\n\n\n\n<p>\u201cTambi\u00e9n les coment\u00e9 (a due\u00f1os de verificentros) que nosotros no vamos a ir a andar cerrando verificentros, no vamos a cerrar ni un centro de verificaci\u00f3n. Vamos a buscar los acuerdos para que los servicios se hagan bien y poco a poco, vayan incorpor\u00e1ndose a la nueva normatividad\u201d, expres\u00f3 Garc\u00eda Jim\u00e9nez.<\/p>\n","protected":false},"excerpt":{"rendered":"<p>Juan Arcos Xalapa, Ver.- El gobernador de Veracruz, Cuitl\u00e1huac Garc\u00eda Jim\u00e9nez, se\u00f1al\u00f3 que se buscan evitar casos de corrupci\u00f3n en la operaci\u00f3n de los verificentros de la entidad. Adem\u00e1s, mencion\u00f3 que ha mantenido el di\u00e1logo con un representante de los due\u00f1os y concesionarios de verificentros en Veracruz, debido a las protestas que se han llevado [&hellip;]<\/p>\n","protected":false},"author":1,"featured_media":9949,"comment_status":"open","ping_status":"open","sticky":false,"template":"","format":"standard","meta":{"_jetpack_memberships_contains_paid_content":false,"footnotes":""},"categories":[2],"tags":[],"class_list":["post-9948","post","type-post","status-publish","format-standard","has-post-thumbnail","hentry","category-estado"],"jetpack_featured_media_url":"https:\/\/encuentroinformativo.com.mx\/wp-content\/uploads\/2021\/01\/10C1DC6C-32F8-4826-A451-97E742419F8B.jpeg","jetpack_sharing_enabled":true,"jetpack_likes_enabled":true,"amp_enabled":true,"_links":{"self":[{"href":"https:\/\/encuentroinformativo.com.mx\/index.php?rest_route=\/wp\/v2\/posts\/9948","targetHints":{"allow":["GET"]}}],"collection":[{"href":"https:\/\/encuentroinformativo.com.mx\/index.php?rest_route=\/wp\/v2\/posts"}],"about":[{"href":"https:\/\/encuentroinformativo.com.mx\/index.php?rest_route=\/wp\/v2\/types\/post"}],"author":[{"embeddable":true,"href":"https:\/\/encuentroinformativo.com.mx\/index.php?rest_route=\/wp\/v2\/users\/1"}],"replies":[{"embeddable":true,"href":"https:\/\/encuentroinformativo.com.mx\/index.php?rest_route=%2Fwp%2Fv2%2Fcomments&post=9948"}],"version-history":[{"count":1,"href":"https:\/\/encuentroinformativo.com.mx\/index.php?rest_route=\/wp\/v2\/posts\/9948\/revisions"}],"predecessor-version":[{"id":9950,"href":"https:\/\/encuentroinformativo.com.mx\/index.php?rest_route=\/wp\/v2\/posts\/9948\/revisions\/9950"}],"wp:featuredmedia":[{"embeddable":true,"href":"https:\/\/encuentroinformativo.com.mx\/index.php?rest_route=\/wp\/v2\/media\/9949"}],"wp:attachment":[{"href":"https:\/\/encuentroinformativo.com.mx\/index.php?rest_route=%2Fwp%2Fv2%2Fmedia&parent=9948"}],"wp:term":[{"taxonomy":"category","embeddable":true,"href":"https:\/\/encuentroinformativo.com.mx\/index.php?rest_route=%2Fwp%2Fv2%2Fcategories&post=9948"},{"taxonomy":"post_tag","embeddable":true,"href":"https:\/\/encuentroinformativo.com.mx\/index.php?rest_route=%2Fwp%2Fv2%2Ftags&post=9948"}],"curies":[{"name":"wp","href":"https:\/\/api.w.org\/{rel}","templated":true}]}}