{"id":9956,"date":"2021-01-12T10:45:45","date_gmt":"2021-01-12T16:45:45","guid":{"rendered":"https:\/\/encuentroinformativo.com.mx\/?p=9956"},"modified":"2021-01-12T10:45:47","modified_gmt":"2021-01-12T16:45:47","slug":"cumbre-tajin-2021-tambien-podria-ser-virtual-turismo","status":"publish","type":"post","link":"https:\/\/encuentroinformativo.com.mx\/?p=9956","title":{"rendered":"Cumbre Taj\u00edn 2021, tambi\u00e9n podr\u00eda ser virtual: Turismo"},"content":{"rendered":"\n<p><strong>Alejandro \u00c1vila<\/strong><\/p>\n\n\n\n<p>Veracruz, Ver.- La secretaria de Turismo de Veracruz, Xochitl Arbes\u00fa Lago, confirm\u00f3 que Cumbre Taj\u00edn podr\u00eda correr el mismo destino que las fiestas en honor a la Virgen de la Candelaria; es decir, volverse una festividad virtual debido a la pandemia por COVID-19.<\/p>\n\n\n\n<p>La funcionaria estatal reconoci\u00f3 que la pandemia cancel\u00f3 varios eventos insignia del Estado de Veracruz y esto no termin\u00f3 afectando a miles de prestadores de servicio turistico en la entidad.<\/p>\n\n\n\n<p>&#8220;Es importante aclarar que tanto para Tlacotalpan como para el resto del Estado tenemos una promoci\u00f3n que no ha parado. La promoci\u00f3n turistica para el Estado de Veracruz a pesar de la pandemia ha seguido activa, tanto por la campa\u00f1a &#8216;Veracruz se Antoja&#8217; y lo que hemos realizado con comunicaci\u00f3n social, como por medio del Fideicomiso del Impuesto al Hospedaje&#8221;, expuso Arbes\u00fa Lago.<\/p>\n\n\n\n<p>En ese sentido, dijo que aprovechando el cierre temporal de hoteles y tour operadoras se logr\u00f3 certificar a prestadores de servicio turistico bajo el sello &#8220;Punto Limpio&#8221;, siendo as\u00ed uno de los Estados que m\u00e1s avanz\u00f3 en dicha categor\u00eda; adem\u00e1s dijo que para 2021 existe un acuerdo con otros siete Estados para impulsar la Ruta de Cort\u00e9s.<\/p>\n\n\n\n<p>&#8220;Puebla, Estado de M\u00e9xico, Ciudad de M\u00e9xico, Morelos, Tlaxcala, Hidalgo y Quer\u00e9taro, est\u00e1 gran reuni\u00f3n de Estados del centro, de la costa al centro, tambi\u00e9n llamados estos por medio de la Ruta de Cort\u00e9s, donde estaremos haciendo intercambios peque\u00f1os, controlados, pero turisticos&#8221;, remat\u00f3.<\/p>\n","protected":false},"excerpt":{"rendered":"<p>Alejandro \u00c1vila Veracruz, Ver.- La secretaria de Turismo de Veracruz, Xochitl Arbes\u00fa Lago, confirm\u00f3 que Cumbre Taj\u00edn podr\u00eda correr el mismo destino que las fiestas en honor a la Virgen de la Candelaria; es decir, volverse una festividad virtual debido a la pandemia por COVID-19. La funcionaria estatal reconoci\u00f3 que la pandemia cancel\u00f3 varios eventos [&hellip;]<\/p>\n","protected":false},"author":1,"featured_media":9957,"comment_status":"open","ping_status":"open","sticky":false,"template":"","format":"standard","meta":{"_jetpack_memberships_contains_paid_content":false,"footnotes":""},"categories":[2],"tags":[],"class_list":["post-9956","post","type-post","status-publish","format-standard","has-post-thumbnail","hentry","category-estado"],"jetpack_featured_media_url":"https:\/\/encuentroinformativo.com.mx\/wp-content\/uploads\/2021\/01\/0358329A-9AFB-427F-9CB6-51E2B5F0305F.jpeg","jetpack_sharing_enabled":true,"jetpack_likes_enabled":true,"amp_enabled":true,"_links":{"self":[{"href":"https:\/\/encuentroinformativo.com.mx\/index.php?rest_route=\/wp\/v2\/posts\/9956","targetHints":{"allow":["GET"]}}],"collection":[{"href":"https:\/\/encuentroinformativo.com.mx\/index.php?rest_route=\/wp\/v2\/posts"}],"about":[{"href":"https:\/\/encuentroinformativo.com.mx\/index.php?rest_route=\/wp\/v2\/types\/post"}],"author":[{"embeddable":true,"href":"https:\/\/encuentroinformativo.com.mx\/index.php?rest_route=\/wp\/v2\/users\/1"}],"replies":[{"embeddable":true,"href":"https:\/\/encuentroinformativo.com.mx\/index.php?rest_route=%2Fwp%2Fv2%2Fcomments&post=9956"}],"version-history":[{"count":1,"href":"https:\/\/encuentroinformativo.com.mx\/index.php?rest_route=\/wp\/v2\/posts\/9956\/revisions"}],"predecessor-version":[{"id":9958,"href":"https:\/\/encuentroinformativo.com.mx\/index.php?rest_route=\/wp\/v2\/posts\/9956\/revisions\/9958"}],"wp:featuredmedia":[{"embeddable":true,"href":"https:\/\/encuentroinformativo.com.mx\/index.php?rest_route=\/wp\/v2\/media\/9957"}],"wp:attachment":[{"href":"https:\/\/encuentroinformativo.com.mx\/index.php?rest_route=%2Fwp%2Fv2%2Fmedia&parent=9956"}],"wp:term":[{"taxonomy":"category","embeddable":true,"href":"https:\/\/encuentroinformativo.com.mx\/index.php?rest_route=%2Fwp%2Fv2%2Fcategories&post=9956"},{"taxonomy":"post_tag","embeddable":true,"href":"https:\/\/encuentroinformativo.com.mx\/index.php?rest_route=%2Fwp%2Fv2%2Ftags&post=9956"}],"curies":[{"name":"wp","href":"https:\/\/api.w.org\/{rel}","templated":true}]}}