{"id":9962,"date":"2021-01-12T12:32:30","date_gmt":"2021-01-12T18:32:30","guid":{"rendered":"https:\/\/encuentroinformativo.com.mx\/?p=9962"},"modified":"2021-01-12T12:32:33","modified_gmt":"2021-01-12T18:32:33","slug":"respalda-pt-desaparicion-del-inai","status":"publish","type":"post","link":"https:\/\/encuentroinformativo.com.mx\/?p=9962","title":{"rendered":"Respalda PT desaparici\u00f3n del INAI"},"content":{"rendered":"\n<p><strong>Redacci\u00f3n<\/strong>  <\/p>\n\n\n\n<p>Xalapa, Ver.- Vicente Aguilar coordinador del Partido del Trabajo en la entidad veracruzana, respald\u00f3 el inter\u00e9s del ejecutivo federal para desaparecer a organismos aut\u00f3nomos empezando por el Instituto Nacional de Transparencia, Acceso a la Informaci\u00f3n y Protecci\u00f3n de Datos Personales (INAI).<\/p>\n\n\n\n<p>En conferencia de prensa, el representante partidista justific\u00f3 que es excesivo el presupuesto que utilizan y el cual ser\u00eda destinado para otras acciones a favor de la sociedad. <\/p>\n\n\n\n<p>\u201cTodos sabemos que la mayor\u00eda de los organismos aut\u00f3nomos que surgieron durante el neoliberalismo, impuesto por la extrema derecha, s\u00f3lo han servido para enriquecer a quienes los dirigen. \u00c9stos, se asignan salarios \u00a0insultantes, se enriquecen y viajan a costa del pueblo mexicano\u201d. <\/p>\n\n\n\n<p>\u201cLa propuesta de AMLO es un ya basta de tantas mentiras, traiciones y robos. Sus funciones son propias de la Secretar\u00eda de la Funci\u00f3n P\u00fablica  a donde se incorporar\u00e1n las tareas que realiza el INAI\u201d.<\/p>\n\n\n\n<p>En los \u00faltimos d\u00edas el presidente Andres Manuel L\u00f3pez Obrador ha insistido en la posibilidad de que dicho organismo de transparencia pase a formar parte de la administraci\u00f3n federal debido a que depender\u00eda de la Secretar\u00eda de la Funci\u00f3n P\u00fablica. <\/p>\n\n\n\n<p><\/p>\n","protected":false},"excerpt":{"rendered":"<p>Redacci\u00f3n Xalapa, Ver.- Vicente Aguilar coordinador del Partido del Trabajo en la entidad veracruzana, respald\u00f3 el inter\u00e9s del ejecutivo federal para desaparecer a organismos aut\u00f3nomos empezando por el Instituto Nacional de Transparencia, Acceso a la Informaci\u00f3n y Protecci\u00f3n de Datos Personales (INAI). En conferencia de prensa, el representante partidista justific\u00f3 que es excesivo el presupuesto [&hellip;]<\/p>\n","protected":false},"author":1,"featured_media":9963,"comment_status":"open","ping_status":"open","sticky":false,"template":"","format":"standard","meta":{"_jetpack_memberships_contains_paid_content":false,"footnotes":""},"categories":[3],"tags":[],"class_list":["post-9962","post","type-post","status-publish","format-standard","has-post-thumbnail","hentry","category-xalapa"],"jetpack_featured_media_url":"https:\/\/encuentroinformativo.com.mx\/wp-content\/uploads\/2021\/01\/4C5B9175-6993-4977-B5C2-A1399964AE30-scaled.jpeg","jetpack_sharing_enabled":true,"jetpack_likes_enabled":true,"amp_enabled":true,"_links":{"self":[{"href":"https:\/\/encuentroinformativo.com.mx\/index.php?rest_route=\/wp\/v2\/posts\/9962","targetHints":{"allow":["GET"]}}],"collection":[{"href":"https:\/\/encuentroinformativo.com.mx\/index.php?rest_route=\/wp\/v2\/posts"}],"about":[{"href":"https:\/\/encuentroinformativo.com.mx\/index.php?rest_route=\/wp\/v2\/types\/post"}],"author":[{"embeddable":true,"href":"https:\/\/encuentroinformativo.com.mx\/index.php?rest_route=\/wp\/v2\/users\/1"}],"replies":[{"embeddable":true,"href":"https:\/\/encuentroinformativo.com.mx\/index.php?rest_route=%2Fwp%2Fv2%2Fcomments&post=9962"}],"version-history":[{"count":1,"href":"https:\/\/encuentroinformativo.com.mx\/index.php?rest_route=\/wp\/v2\/posts\/9962\/revisions"}],"predecessor-version":[{"id":9964,"href":"https:\/\/encuentroinformativo.com.mx\/index.php?rest_route=\/wp\/v2\/posts\/9962\/revisions\/9964"}],"wp:featuredmedia":[{"embeddable":true,"href":"https:\/\/encuentroinformativo.com.mx\/index.php?rest_route=\/wp\/v2\/media\/9963"}],"wp:attachment":[{"href":"https:\/\/encuentroinformativo.com.mx\/index.php?rest_route=%2Fwp%2Fv2%2Fmedia&parent=9962"}],"wp:term":[{"taxonomy":"category","embeddable":true,"href":"https:\/\/encuentroinformativo.com.mx\/index.php?rest_route=%2Fwp%2Fv2%2Fcategories&post=9962"},{"taxonomy":"post_tag","embeddable":true,"href":"https:\/\/encuentroinformativo.com.mx\/index.php?rest_route=%2Fwp%2Fv2%2Ftags&post=9962"}],"curies":[{"name":"wp","href":"https:\/\/api.w.org\/{rel}","templated":true}]}}