{"id":9973,"date":"2021-01-12T13:04:25","date_gmt":"2021-01-12T19:04:25","guid":{"rendered":"https:\/\/encuentroinformativo.com.mx\/?p=9973"},"modified":"2021-01-12T13:05:46","modified_gmt":"2021-01-12T19:05:46","slug":"registra-cofre-de-perote-segunda-nevada-del-ano","status":"publish","type":"post","link":"https:\/\/encuentroinformativo.com.mx\/?p=9973","title":{"rendered":"Registra Cofre de Perote segunda nevada del a\u00f1o"},"content":{"rendered":"\n<p><strong>Dar\u00edo Pale <\/strong><\/p>\n\n\n\n<p>Xalapa, Ver.- El subcoordinador de Fen\u00f3menos Atmosf\u00e9ricos de la Secretar\u00eda de Protecci\u00f3n Civil del Estado, Jos\u00e9 Llanos Arias, inform\u00f3 que este&nbsp;martes se registr\u00f3 la segunda nevada del a\u00f1o en el Cofre de Perote, as\u00ed como un importante descenso en las temperaturas de algunas partes altas del Estado; la primera nevada se registr\u00f3 el d\u00eda s\u00e1bado.<\/p>\n\n\n\n<p>En entrevista telef\u00f3nica se\u00f1al\u00f3 que la&nbsp;nevada de este martes se debe a los efectos de la masa polar del frente fr\u00edo n\u00famero 26, de igual forma&nbsp;puntualiz\u00f3 que la temperatura m\u00e1s baja fue en Huayacocotla con 1 grado Celsius, en Loma Grande, municipio de Mariano Escobedo con 2 grados.<\/p>\n\n\n\n<p>Asimismo, Altotonga con 2 grados, Zalayeta, municipio de Perote, 2 grados, adem\u00e1s de La Joya y Acatl\u00e1n con 4 grados, mientras que en Alchichica, el term\u00f3metro alcanz\u00f3 4.5 grados Celsius.<\/p>\n\n\n\n<p>Inform\u00f3 que las ciudades como Coatzacoalcos tuvo 17 grados al amanecer, Orizaba 10 grados, el puerto de Veracruz con 16 grados; Xalapa tuvo 9 grados esta ma\u00f1ana, mientras que Tuxpan 9.5 grados.<\/p>\n\n\n\n<p>Explic\u00f3 que en la pe\u00f1a del Cofre de Perote no se tiene el registro puntual de las temperaturas, toda vez que no hay estaci\u00f3n de la Conagua, pero seguramente fue por debajo de los cero grados.<\/p>\n\n\n\n<p>Llanos Arias manifest\u00f3 que las temperaturas en dichas ciudades no disminuy\u00f3 tanto o por lo menos no alcanzaron temperaturas por debajo de los cero grados en las partes m\u00e1s altas debido a que est\u00e1 nublado.<\/p>\n\n\n\n<p>Explic\u00f3 que mientras est\u00e9 nublado la temperatura m\u00ednima no desciende mucho, pero esperan que llegue a despejarse hacia el d\u00eda jueves y entonces s\u00ed podr\u00eda haber un descenso m\u00e1s significativo de las temperaturas.<\/p>\n\n\n\n<p>El Funcionario estatal refiri\u00f3 que el acceso a la pe\u00f1a del Cofre de Perote est\u00e1 cerrado, pero record\u00f3 que la Comisi\u00f3n Nacional de \u00c1reas Nacionales Protegidas es quien se hace cargo de \u00e9sto.<\/p>\n\n\n\n<p>Finalmente, reiter\u00f3 que el fin de semana se espera que haya condiciones para la ca\u00edda de nieve o agua nieve, nuevamente, por lo que pidi\u00f3 extremar las precauciones.<\/p>\n\n\n\n<figure class=\"wp-block-image size-large\"><img loading=\"lazy\" decoding=\"async\" width=\"1024\" height=\"576\" src=\"https:\/\/encuentroinformativo.com.mx\/wp-content\/uploads\/2021\/01\/100D53C0-87F8-4B0F-AFE8-4F889DBA7FA6-1024x576.jpeg\" alt=\"\" class=\"wp-image-9966\" srcset=\"https:\/\/encuentroinformativo.com.mx\/wp-content\/uploads\/2021\/01\/100D53C0-87F8-4B0F-AFE8-4F889DBA7FA6-1024x576.jpeg 1024w, https:\/\/encuentroinformativo.com.mx\/wp-content\/uploads\/2021\/01\/100D53C0-87F8-4B0F-AFE8-4F889DBA7FA6-300x169.jpeg 300w, https:\/\/encuentroinformativo.com.mx\/wp-content\/uploads\/2021\/01\/100D53C0-87F8-4B0F-AFE8-4F889DBA7FA6-768x432.jpeg 768w, https:\/\/encuentroinformativo.com.mx\/wp-content\/uploads\/2021\/01\/100D53C0-87F8-4B0F-AFE8-4F889DBA7FA6.jpeg 1160w\" sizes=\"auto, (max-width: 1024px) 100vw, 1024px\" \/><\/figure>\n\n\n\n<figure class=\"wp-block-gallery columns-0 is-cropped wp-block-gallery-1 is-layout-flex wp-block-gallery-is-layout-flex\"><ul class=\"blocks-gallery-grid\"><\/ul><\/figure>\n","protected":false},"excerpt":{"rendered":"<p>Dar\u00edo Pale Xalapa, Ver.- El subcoordinador de Fen\u00f3menos Atmosf\u00e9ricos de la Secretar\u00eda de Protecci\u00f3n Civil del Estado, Jos\u00e9 Llanos Arias, inform\u00f3 que este&nbsp;martes se registr\u00f3 la segunda nevada del a\u00f1o en el Cofre de Perote, as\u00ed como un importante descenso en las temperaturas de algunas partes altas del Estado; la primera nevada se registr\u00f3 el [&hellip;]<\/p>\n","protected":false},"author":1,"featured_media":9975,"comment_status":"open","ping_status":"open","sticky":false,"template":"","format":"standard","meta":{"_jetpack_memberships_contains_paid_content":false,"footnotes":""},"categories":[8],"tags":[],"class_list":["post-9973","post","type-post","status-publish","format-standard","has-post-thumbnail","hentry","category-region"],"jetpack_featured_media_url":"https:\/\/encuentroinformativo.com.mx\/wp-content\/uploads\/2021\/01\/2D4A1C13-C421-4250-A98F-DCA022901F8B.jpeg","jetpack_sharing_enabled":true,"jetpack_likes_enabled":true,"amp_enabled":true,"_links":{"self":[{"href":"https:\/\/encuentroinformativo.com.mx\/index.php?rest_route=\/wp\/v2\/posts\/9973","targetHints":{"allow":["GET"]}}],"collection":[{"href":"https:\/\/encuentroinformativo.com.mx\/index.php?rest_route=\/wp\/v2\/posts"}],"about":[{"href":"https:\/\/encuentroinformativo.com.mx\/index.php?rest_route=\/wp\/v2\/types\/post"}],"author":[{"embeddable":true,"href":"https:\/\/encuentroinformativo.com.mx\/index.php?rest_route=\/wp\/v2\/users\/1"}],"replies":[{"embeddable":true,"href":"https:\/\/encuentroinformativo.com.mx\/index.php?rest_route=%2Fwp%2Fv2%2Fcomments&post=9973"}],"version-history":[{"count":2,"href":"https:\/\/encuentroinformativo.com.mx\/index.php?rest_route=\/wp\/v2\/posts\/9973\/revisions"}],"predecessor-version":[{"id":9976,"href":"https:\/\/encuentroinformativo.com.mx\/index.php?rest_route=\/wp\/v2\/posts\/9973\/revisions\/9976"}],"wp:featuredmedia":[{"embeddable":true,"href":"https:\/\/encuentroinformativo.com.mx\/index.php?rest_route=\/wp\/v2\/media\/9975"}],"wp:attachment":[{"href":"https:\/\/encuentroinformativo.com.mx\/index.php?rest_route=%2Fwp%2Fv2%2Fmedia&parent=9973"}],"wp:term":[{"taxonomy":"category","embeddable":true,"href":"https:\/\/encuentroinformativo.com.mx\/index.php?rest_route=%2Fwp%2Fv2%2Fcategories&post=9973"},{"taxonomy":"post_tag","embeddable":true,"href":"https:\/\/encuentroinformativo.com.mx\/index.php?rest_route=%2Fwp%2Fv2%2Ftags&post=9973"}],"curies":[{"name":"wp","href":"https:\/\/api.w.org\/{rel}","templated":true}]}}