{"id":9977,"date":"2021-01-12T13:16:44","date_gmt":"2021-01-12T19:16:44","guid":{"rendered":"https:\/\/encuentroinformativo.com.mx\/?p=9977"},"modified":"2021-01-12T13:16:46","modified_gmt":"2021-01-12T19:16:46","slug":"alerta-preventiva-afectara-ventas-de-comercio-regidor","status":"publish","type":"post","link":"https:\/\/encuentroinformativo.com.mx\/?p=9977","title":{"rendered":"\u2018Alerta preventiva\u2019 afectar\u00e1 ventas de comercio: Regidor"},"content":{"rendered":"\n<p><strong>Dar\u00edo Pale <\/strong><\/p>\n\n\n\n<p>Xalapa, Ver.- El regidor d\u00e9cimo encargado de la Comisi\u00f3n de Desarrollo Econ\u00f3mico Juan Gabriel Fern\u00e1ndez Garibay dio a conocer que la nueva <strong>\u201cAlerta Preventiva\u201d<\/strong> que se decreto por parte del Gobierno Estatal impactar\u00e1 de manera significativa a los comercios del centro, pues al disminuir la movilidad las ventas bajan y s\u00f3lo se beneficia a centros y plazas comerciales.<\/p>\n\n\n\n<p>Entrevistado en las calles del centro de la ciudad se\u00f1al\u00f3 que ve negativa la decisi\u00f3n de cerrar el primer cuadro de la ciudad,\u00a0\u201cal cerrar el centro la gente lo que hace es irse a las plazas comerciales, las plazas, o sea a los tianguis que est\u00e1n afuera del primer cuadro, por eso, con el debido respeto yo llamo a que hagamos un poquito m\u00e1s de estudio con la medida, yo creo que es bueno con hacernos responsables\u201d.<\/p>\n\n\n\n<p>Dio a conocer que ya hay varios empresarios que ya han dado a conocer su inconformidad, pues sus ventas bajan, adem\u00e1s de que se est\u00e1 en plena cuesta de enero,\u00a0\u201chay asociaciones que si muestran preocupaci\u00f3n y necesitan apoyo, recordemos que estamos en la plena cuesta de enero viene un a\u00f1o dif\u00edcil econ\u00f3micamente hablando para Xalapa\u201d.<\/p>\n\n\n\n<p>Es a partir de \u00e9ste jueves 14 y hasta el domingo 17 de enero cuando se tendr\u00e1 la alerta para disminuir la afluencia de gente en el centro de Xalapa as\u00ed como otros 11 municipios m\u00e1s.<\/p>\n\n\n\n<p>Finalmente cabe recordar que hasta hace 3 meses, es que Xalapa pudo regresar de manera gradual a que los comercios de cualquier ramo abrieran sus puertas, luego de que el gobierno decret\u00f3 8 meses aproximadamente de confinamiento por COVID-19.<\/p>\n","protected":false},"excerpt":{"rendered":"<p>Dar\u00edo Pale Xalapa, Ver.- El regidor d\u00e9cimo encargado de la Comisi\u00f3n de Desarrollo Econ\u00f3mico Juan Gabriel Fern\u00e1ndez Garibay dio a conocer que la nueva \u201cAlerta Preventiva\u201d que se decreto por parte del Gobierno Estatal impactar\u00e1 de manera significativa a los comercios del centro, pues al disminuir la movilidad las ventas bajan y s\u00f3lo se beneficia [&hellip;]<\/p>\n","protected":false},"author":1,"featured_media":9559,"comment_status":"open","ping_status":"open","sticky":false,"template":"","format":"standard","meta":{"_jetpack_memberships_contains_paid_content":false,"footnotes":""},"categories":[3],"tags":[],"class_list":["post-9977","post","type-post","status-publish","format-standard","has-post-thumbnail","hentry","category-xalapa"],"jetpack_featured_media_url":"https:\/\/encuentroinformativo.com.mx\/wp-content\/uploads\/2020\/12\/1AD11BBB-4ED9-4F22-873B-BCF60D733991.jpeg","jetpack_sharing_enabled":true,"jetpack_likes_enabled":true,"amp_enabled":true,"_links":{"self":[{"href":"https:\/\/encuentroinformativo.com.mx\/index.php?rest_route=\/wp\/v2\/posts\/9977","targetHints":{"allow":["GET"]}}],"collection":[{"href":"https:\/\/encuentroinformativo.com.mx\/index.php?rest_route=\/wp\/v2\/posts"}],"about":[{"href":"https:\/\/encuentroinformativo.com.mx\/index.php?rest_route=\/wp\/v2\/types\/post"}],"author":[{"embeddable":true,"href":"https:\/\/encuentroinformativo.com.mx\/index.php?rest_route=\/wp\/v2\/users\/1"}],"replies":[{"embeddable":true,"href":"https:\/\/encuentroinformativo.com.mx\/index.php?rest_route=%2Fwp%2Fv2%2Fcomments&post=9977"}],"version-history":[{"count":1,"href":"https:\/\/encuentroinformativo.com.mx\/index.php?rest_route=\/wp\/v2\/posts\/9977\/revisions"}],"predecessor-version":[{"id":9978,"href":"https:\/\/encuentroinformativo.com.mx\/index.php?rest_route=\/wp\/v2\/posts\/9977\/revisions\/9978"}],"wp:featuredmedia":[{"embeddable":true,"href":"https:\/\/encuentroinformativo.com.mx\/index.php?rest_route=\/wp\/v2\/media\/9559"}],"wp:attachment":[{"href":"https:\/\/encuentroinformativo.com.mx\/index.php?rest_route=%2Fwp%2Fv2%2Fmedia&parent=9977"}],"wp:term":[{"taxonomy":"category","embeddable":true,"href":"https:\/\/encuentroinformativo.com.mx\/index.php?rest_route=%2Fwp%2Fv2%2Fcategories&post=9977"},{"taxonomy":"post_tag","embeddable":true,"href":"https:\/\/encuentroinformativo.com.mx\/index.php?rest_route=%2Fwp%2Fv2%2Ftags&post=9977"}],"curies":[{"name":"wp","href":"https:\/\/api.w.org\/{rel}","templated":true}]}}